{"id":18928,"date":"2020-03-02T07:39:15","date_gmt":"2020-03-02T06:39:15","guid":{"rendered":"https:\/\/www.voltaire-avocats.com\/guide-juridique-de-la-mobilite-des-travailleurs-en-europe-edition-2020\/"},"modified":"2022-09-19T14:47:16","modified_gmt":"2022-09-19T12:47:16","slug":"guide-juridique-de-la-mobilite-des-travailleurs-en-europe-edition-2020","status":"publish","type":"post","link":"https:\/\/www.voltaire-avocats.com\/fr\/guide-juridique-de-la-mobilite-des-travailleurs-en-europe-edition-2020\/","title":{"rendered":"Guide juridique de la mobilit\u00e9 des travailleurs en Europe (Edition 2020)"},"content":{"rendered":"<p class=\"ql-align-justify\">Le minist\u00e8re des Solidarit\u00e9s et de la Sant\u00e9 et le minist\u00e8re du Travail ont \u00e9labor\u00e9 un guide (35 pages) sur la mobilit\u00e9 des travailleurs en Europe. <\/p>\n<p class=\"ql-align-justify\"><\/p>\n<p class=\"ql-align-justify\">Ce guide vise \u00e0 informer les salari\u00e9s, leurs employeurs ainsi que les travailleurs ind\u00e9pendants de leurs droits et de leurs obligations en mati\u00e8re de droits du travail et de la s\u00e9curit\u00e9 sociale fran\u00e7ais.<\/p>\n<p>\u00a0<\/p>\n<p><a href=\"https:\/\/www.urssaf.fr\/portail\/files\/live\/sites\/urssaf\/files\/documents\/Guide-Mobilite.pdf\" target=\"_blank\" rel=\"noopener\">https:\/\/www.urssaf.fr\/portail\/files\/live\/sites\/urssaf\/files\/documents\/Guide-Mobilite.pdf<\/a><\/p>\n","protected":false},"excerpt":{"rendered":"<p>Le minist\u00e8re des solidarit\u00e9s et de la sant\u00e9 et le minist\u00e8re du travail ont \u00e9labor\u00e9 un guide (35 pages) sur la mobilit\u00e9 des travailleurs en Europe. Ce guide vise \u00e0 informer les salari\u00e9s, leurs employeurs ainsi que les travailleurs ind\u00e9pendants de leurs droits et de leurs obligations en mati\u00e8re de droits du travail et de la s\u00e9curit\u00e9 sociale fran\u00e7ais.<\/p>\n","protected":false},"author":3,"featured_media":18926,"comment_status":"open","ping_status":"open","sticky":false,"template":"","format":"standard","meta":{"_acf_changed":false,"_seopress_robots_primary_cat":"","_seopress_titles_title":"","_seopress_titles_desc":"","_seopress_robots_index":"","footnotes":""},"categories":[31],"tags":[],"class_list":["post-18928","post","type-post","status-publish","format-standard","has-post-thumbnail","hentry","category-actualites-en-droit-social"],"acf":[],"_links":{"self":[{"href":"https:\/\/www.voltaire-avocats.com\/fr\/wp-json\/wp\/v2\/posts\/18928","targetHints":{"allow":["GET"]}}],"collection":[{"href":"https:\/\/www.voltaire-avocats.com\/fr\/wp-json\/wp\/v2\/posts"}],"about":[{"href":"https:\/\/www.voltaire-avocats.com\/fr\/wp-json\/wp\/v2\/types\/post"}],"author":[{"embeddable":true,"href":"https:\/\/www.voltaire-avocats.com\/fr\/wp-json\/wp\/v2\/users\/3"}],"replies":[{"embeddable":true,"href":"https:\/\/www.voltaire-avocats.com\/fr\/wp-json\/wp\/v2\/comments?post=18928"}],"version-history":[{"count":0,"href":"https:\/\/www.voltaire-avocats.com\/fr\/wp-json\/wp\/v2\/posts\/18928\/revisions"}],"wp:featuredmedia":[{"embeddable":true,"href":"https:\/\/www.voltaire-avocats.com\/fr\/wp-json\/wp\/v2\/media\/18926"}],"wp:attachment":[{"href":"https:\/\/www.voltaire-avocats.com\/fr\/wp-json\/wp\/v2\/media?parent=18928"}],"wp:term":[{"taxonomy":"category","embeddable":true,"href":"https:\/\/www.voltaire-avocats.com\/fr\/wp-json\/wp\/v2\/categories?post=18928"},{"taxonomy":"post_tag","embeddable":true,"href":"https:\/\/www.voltaire-avocats.com\/fr\/wp-json\/wp\/v2\/tags?post=18928"}],"curies":[{"name":"wp","href":"https:\/\/api.w.org\/{rel}","templated":true}]}}