{"id":18948,"date":"2020-03-09T08:25:44","date_gmt":"2020-03-09T07:25:44","guid":{"rendered":"https:\/\/www.voltaire-avocats.com\/coronavirus-et-collecte-des-donnees-personnelles\/"},"modified":"2022-09-19T14:47:18","modified_gmt":"2022-09-19T12:47:18","slug":"coronavirus-et-collecte-des-donnees-personnelles","status":"publish","type":"post","link":"https:\/\/www.voltaire-avocats.com\/fr\/coronavirus-et-collecte-des-donnees-personnelles\/","title":{"rendered":"CORONAVIRUS et collecte des donn\u00e9es personnelles"},"content":{"rendered":"<p class=\"ql-align-justify\">La CNIL a r\u00e9cemment mis en ligne un rappel des principes \u00e0 respecter en mati\u00e8re de collecte de donn\u00e9es personnelles, notamment de sant\u00e9, dans le contexte actuel de crise sanitaire li\u00e9e au coronavirus (Covid-19).<\/p>\n<p class=\"ql-align-justify\">&nbsp;<\/p>\n<p class=\"ql-align-justify\">Ainsi, \u00ab&nbsp;<em>les employeurs doivent s&rsquo;abstenir de collecter de mani\u00e8re syst\u00e9matique et g\u00e9n\u00e9ralis\u00e9e, ou au travers d\u2019enqu\u00eates et demandes individuelles, des informations relatives \u00e0 la recherche d&rsquo;\u00e9ventuels sympt\u00f4mes pr\u00e9sent\u00e9s par un employ\u00e9\/agent et ses proches. Il n\u2019est donc pas possible de mettre en \u0153uvre, par exemple&nbsp;:<\/em><\/p>\n<ul>\n<li class=\"ql-align-justify\"><em>des relev\u00e9s obligatoires des temp\u00e9ratures corporelles de chaque employ\u00e9\/agent\/visiteur \u00e0 adresser quotidiennement \u00e0 sa hi\u00e9rarchie&nbsp;;<\/em><\/li>\n<li class=\"ql-align-justify\"><em>ou encore, la collecte de fiches ou questionnaires m\u00e9dicaux aupr\u00e8s de l\u2019ensemble des employ\u00e9s\/agents<\/em>&nbsp;\u00bb.&nbsp;<\/li>\n<\/ul>\n<p class=\"ql-align-justify\">&nbsp;<\/p>\n<p><a href=\"https:\/\/www.cnil.fr\/fr\/coronavirus-covid-19-les-rappels-de-la-cnil-sur-la-collecte-de-donnees-personnelles\" target=\"_blank\" style=\"color: rgb(5, 99, 193);\" rel=\"noopener\"><u>https:\/\/www.cnil.fr\/fr\/coronavirus-covid-19-les-rappels-de-la-cnil-sur-la-collecte-de-donnees-personnelles<\/u><\/a><\/p>\n","protected":false},"excerpt":{"rendered":"<p>La CNIL a r\u00e9cemment mis en ligne un rappel des principes \u00e0 respecter en mati\u00e8re de collecte de donn\u00e9es personnelles, notamment de sant\u00e9, dans le contexte actuel de crise sanitaire li\u00e9e au coronavirus.<\/p>\n","protected":false},"author":3,"featured_media":18946,"comment_status":"open","ping_status":"open","sticky":false,"template":"","format":"standard","meta":{"_acf_changed":false,"_seopress_robots_primary_cat":"","_seopress_titles_title":"","_seopress_titles_desc":"","_seopress_robots_index":"","footnotes":""},"categories":[31],"tags":[],"class_list":["post-18948","post","type-post","status-publish","format-standard","has-post-thumbnail","hentry","category-actualites-en-droit-social"],"acf":[],"_links":{"self":[{"href":"https:\/\/www.voltaire-avocats.com\/fr\/wp-json\/wp\/v2\/posts\/18948","targetHints":{"allow":["GET"]}}],"collection":[{"href":"https:\/\/www.voltaire-avocats.com\/fr\/wp-json\/wp\/v2\/posts"}],"about":[{"href":"https:\/\/www.voltaire-avocats.com\/fr\/wp-json\/wp\/v2\/types\/post"}],"author":[{"embeddable":true,"href":"https:\/\/www.voltaire-avocats.com\/fr\/wp-json\/wp\/v2\/users\/3"}],"replies":[{"embeddable":true,"href":"https:\/\/www.voltaire-avocats.com\/fr\/wp-json\/wp\/v2\/comments?post=18948"}],"version-history":[{"count":0,"href":"https:\/\/www.voltaire-avocats.com\/fr\/wp-json\/wp\/v2\/posts\/18948\/revisions"}],"wp:featuredmedia":[{"embeddable":true,"href":"https:\/\/www.voltaire-avocats.com\/fr\/wp-json\/wp\/v2\/media\/18946"}],"wp:attachment":[{"href":"https:\/\/www.voltaire-avocats.com\/fr\/wp-json\/wp\/v2\/media?parent=18948"}],"wp:term":[{"taxonomy":"category","embeddable":true,"href":"https:\/\/www.voltaire-avocats.com\/fr\/wp-json\/wp\/v2\/categories?post=18948"},{"taxonomy":"post_tag","embeddable":true,"href":"https:\/\/www.voltaire-avocats.com\/fr\/wp-json\/wp\/v2\/tags?post=18948"}],"curies":[{"name":"wp","href":"https:\/\/api.w.org\/{rel}","templated":true}]}}