{"id":18965,"date":"2020-03-15T17:17:01","date_gmt":"2020-03-15T16:17:01","guid":{"rendered":"https:\/\/www.voltaire-avocats.com\/covid-19-et-fermeture-des-juridictions-sauf-pour-le-traitement-des-contentieux-essentiels\/"},"modified":"2022-09-19T14:47:21","modified_gmt":"2022-09-19T12:47:21","slug":"covid-19-et-fermeture-des-juridictions-sauf-pour-le-traitement-des-contentieux-essentiels","status":"publish","type":"post","link":"https:\/\/www.voltaire-avocats.com\/fr\/covid-19-et-fermeture-des-juridictions-sauf-pour-le-traitement-des-contentieux-essentiels\/","title":{"rendered":"Covid-19 et fermeture des juridictions, sauf \u00ab pour le traitement des contentieux essentiels \u00bb"},"content":{"rendered":"<p>Covid-19 et message de la garde des sceaux sur la fermeture des juridictions, sauf \u00ab&nbsp;pour le traitement des contentieux essentiels&nbsp;\u00bb<\/p>\n<p><\/p>\n<p>La garde des sceaux vient d\u2019indiquer notamment que&nbsp;:<\/p>\n<p><\/p>\n<p>\u00ab&nbsp;<em>(\u2026) <u>D\u00e8s le lundi 16 mars 2020<\/u>, les plans de continuation d\u2019activit\u00e9 seront actionn\u00e9s dans l\u2019ensemble des juridictions pour \u00e9viter la propagation du virus. <u>Les juridictions seront donc ferm\u00e9es sauf en ce qui concerne le traitement des contentieux essentiels :<\/u><\/em><\/p>\n<p><\/p>\n<p><em> &#8211;&nbsp;&nbsp;&nbsp;&nbsp;&nbsp;&nbsp;&nbsp;&nbsp;&nbsp;&nbsp;&nbsp;&nbsp;Les audiences correctionnelles pour les mesures de d\u00e9tention provisoire et de contr\u00f4le judiciaire ;<\/em><\/p>\n<p><\/p>\n<p><em> &#8211;&nbsp;&nbsp;&nbsp;&nbsp;&nbsp;&nbsp;&nbsp;&nbsp;&nbsp;&nbsp;&nbsp;&nbsp;Les audiences de comparution imm\u00e9diate ;<\/em><\/p>\n<p><\/p>\n<p><em> &#8211;&nbsp;&nbsp;&nbsp;&nbsp;&nbsp;&nbsp;&nbsp;&nbsp;&nbsp;&nbsp;&nbsp;&nbsp;Les pr\u00e9sentations devant le juge d&rsquo;instruction et le juge des libert\u00e9s et de la d\u00e9tention ;<\/em><\/p>\n<p><\/p>\n<p><em> &#8211;&nbsp;&nbsp;&nbsp;&nbsp;&nbsp;&nbsp;&nbsp;&nbsp;&nbsp;&nbsp;&nbsp;&nbsp;Les audiences du juge de l\u2019application des peines pour la gestion des urgences ;<\/em><\/p>\n<p><\/p>\n<p><em> &#8211;&nbsp;&nbsp;&nbsp;&nbsp;&nbsp;&nbsp;&nbsp;&nbsp;&nbsp;&nbsp;&nbsp;&nbsp;Les audiences du tribunal pour enfants et du juge pour enfant pour la gestion des urgences, notamment pour l\u2019assistance \u00e9ducative ;<\/em><\/p>\n<p><\/p>\n<p><em> &#8211;&nbsp;&nbsp;&nbsp;&nbsp;&nbsp;&nbsp;&nbsp;&nbsp;&nbsp;&nbsp;&nbsp;&nbsp;Les permanences du parquet ;<\/em><\/p>\n<p><\/p>\n<p><em> &#8211;&nbsp;&nbsp;&nbsp;&nbsp;&nbsp;&nbsp;&nbsp;&nbsp;&nbsp;&nbsp;&nbsp;&nbsp;Les r\u00e9f\u00e9r\u00e9s devant le tribunal judiciaire visant l\u2019urgence, et les mesures urgentes relevant du juge aux affaires familiales (notamment immeubles mena\u00e7ant ruine, \u00e9viction conjoint violent) ;<\/em><\/p>\n<p><\/p>\n<p><em> &#8211;&nbsp;&nbsp;&nbsp;&nbsp;&nbsp;&nbsp;&nbsp;&nbsp;&nbsp;&nbsp;&nbsp;&nbsp;Les audiences aupr\u00e8s d\u2019un juge des libert\u00e9s et de la d\u00e9tention civil (hospitalisation sous contrainte, r\u00e9tention des \u00e9trangers) ;<\/em><\/p>\n<p><\/p>\n<p><em> &#8211;&nbsp;&nbsp;&nbsp;&nbsp;&nbsp;&nbsp;&nbsp;&nbsp;&nbsp;&nbsp;&nbsp;&nbsp;Les permanences au tribunal pour enfants, l\u2019assistance \u00e9ducative d&rsquo;urgence ;<\/em><\/p>\n<p><\/p>\n<p><em> &#8211;&nbsp;&nbsp;&nbsp;&nbsp;&nbsp;&nbsp;&nbsp;&nbsp;&nbsp;&nbsp;&nbsp;&nbsp;Les audiences de la chambre de l\u2019instruction pour la d\u00e9tention ;<\/em><\/p>\n<p><\/p>\n<p><em> &#8211;&nbsp;&nbsp;&nbsp;&nbsp;&nbsp;&nbsp;&nbsp;&nbsp;&nbsp;&nbsp;&nbsp;&nbsp;Les audiences de la chambre des appels correctionnels et de la chambre d\u2019applications des peines pour la gestion des urgences.<\/em><\/p>\n<p><\/p>\n<p><em> Il convient, dans la mesure du possible, d\u2019annuler les sessions d\u2019assises compte tenu des risques de contagion pour les jur\u00e9s et le public. Les proc\u00e8s pourront \u00eatre renvoy\u00e9s, dans les limites du d\u00e9lai raisonnable et dans le respect des d\u00e9lais de d\u00e9tention provisoire.<\/em><\/p>\n<p><\/p>\n<p><em><u>Les services d\u2019accueil du public seront donc ferm\u00e9s ainsi que les maisons de justice et du droit et les points d\u2019acc\u00e8s au droit. Les agents de ces services ne recevront plus de public. Ils pourront, en revanche, continuer \u00e0 \u00eatre joint par t\u00e9l\u00e9phone pour r\u00e9pondre aux situations d\u2019urgence.<\/u><\/em><\/p>\n<p><\/p>\n<p><em><u> En dehors des contentieux essentiels, les audiences seront report\u00e9es. Des dispositions devront \u00eatre prises pour assurer l\u2019information des justiciables et des avocats sur ces reports (affichage, site internet ou message t\u00e9l\u00e9phonique).<\/u><\/em><\/p>\n<p><em> <\/em><\/p>\n<p><em> (\u2026)<\/em><\/p>\n<p><\/p>\n<p><em>La cellule de crise du minist\u00e8re va \u00eatre \u00e9toff\u00e9e pour nous permettre de r\u00e9pondre \u00e0 l\u2019ensemble des questions que vous vous posez. Elle associe bien s\u00fbr les directions \u00e0 r\u00e9seaux et vous pouvez la joindre \u00e0 partir de demain matin de 9h \u00e0 17h30&nbsp;au 01 72 22 20 20 et \u00e0 l\u2019adresse mail suivante : <\/em><a href=\"mailto:hfds@justice.gouv.fr\" target=\"_blank\" rel=\"noopener\"><em>hfds@justice.gouv.fr<\/em><\/a><em> je vous rappelle l\u2019existence de la FAQ sur le site intranet.<\/em><\/p>\n<p><em> <\/em><\/p>\n<p> &nbsp;\u00bb.<\/p>\n","protected":false},"excerpt":{"rendered":"<p>Covid-19 et message de la garde des sceaux sur la fermeture des juridictions, sauf \u00ab\u00a0pour le traitement des contentieux essentiels\u00a0\u00bb<\/p>\n","protected":false},"author":3,"featured_media":15206,"comment_status":"open","ping_status":"open","sticky":false,"template":"","format":"standard","meta":{"_acf_changed":false,"_seopress_robots_primary_cat":"","_seopress_titles_title":"","_seopress_titles_desc":"","_seopress_robots_index":"","footnotes":""},"categories":[31],"tags":[],"class_list":["post-18965","post","type-post","status-publish","format-standard","has-post-thumbnail","hentry","category-actualites-en-droit-social"],"acf":[],"_links":{"self":[{"href":"https:\/\/www.voltaire-avocats.com\/fr\/wp-json\/wp\/v2\/posts\/18965","targetHints":{"allow":["GET"]}}],"collection":[{"href":"https:\/\/www.voltaire-avocats.com\/fr\/wp-json\/wp\/v2\/posts"}],"about":[{"href":"https:\/\/www.voltaire-avocats.com\/fr\/wp-json\/wp\/v2\/types\/post"}],"author":[{"embeddable":true,"href":"https:\/\/www.voltaire-avocats.com\/fr\/wp-json\/wp\/v2\/users\/3"}],"replies":[{"embeddable":true,"href":"https:\/\/www.voltaire-avocats.com\/fr\/wp-json\/wp\/v2\/comments?post=18965"}],"version-history":[{"count":0,"href":"https:\/\/www.voltaire-avocats.com\/fr\/wp-json\/wp\/v2\/posts\/18965\/revisions"}],"wp:featuredmedia":[{"embeddable":true,"href":"https:\/\/www.voltaire-avocats.com\/fr\/wp-json\/wp\/v2\/media\/15206"}],"wp:attachment":[{"href":"https:\/\/www.voltaire-avocats.com\/fr\/wp-json\/wp\/v2\/media?parent=18965"}],"wp:term":[{"taxonomy":"category","embeddable":true,"href":"https:\/\/www.voltaire-avocats.com\/fr\/wp-json\/wp\/v2\/categories?post=18965"},{"taxonomy":"post_tag","embeddable":true,"href":"https:\/\/www.voltaire-avocats.com\/fr\/wp-json\/wp\/v2\/tags?post=18965"}],"curies":[{"name":"wp","href":"https:\/\/api.w.org\/{rel}","templated":true}]}}