{"id":18968,"date":"2020-03-16T16:04:23","date_gmt":"2020-03-16T15:04:23","guid":{"rendered":"https:\/\/www.voltaire-avocats.com\/covid-19-le-ministere-du-travail-donne-30-jours-aux-entreprises-pour-declarer-leur-activite-partielle-avec-effet-retroactif\/"},"modified":"2022-09-19T14:47:22","modified_gmt":"2022-09-19T12:47:22","slug":"covid-19-le-ministere-du-travail-donne-30-jours-aux-entreprises-pour-declarer-leur-activite-partielle-avec-effet-retroactif","status":"publish","type":"post","link":"https:\/\/www.voltaire-avocats.com\/fr\/covid-19-le-ministere-du-travail-donne-30-jours-aux-entreprises-pour-declarer-leur-activite-partielle-avec-effet-retroactif\/","title":{"rendered":"Covid-19: Le minist\u00e8re du travail donne 30 jours aux entreprises pour d\u00e9clarer leur activit\u00e9 partielle, avec effet r\u00e9troactif"},"content":{"rendered":"<p>Le minist\u00e8re du travail donne 30 jours aux entreprises pour d\u00e9clarer leur activit\u00e9 partielle, avec effet r\u00e9troactif, selon un communiqu\u00e9 de ce jour.<\/p>\n<p><\/p>\n<p>Il y est pr\u00e9cis\u00e9 qu&rsquo;un \u00ab\u00a0<span style=\"color: rgb(51, 51, 51);\">d\u00e9cret sera donc pris dans les tous prochains jours pour r\u00e9former le dispositif d\u2019activit\u00e9 partielle, afin de couvrir 100% des indemnisations vers\u00e9es aux salari\u00e9s par les entreprises, dans la limite de 4,5 SMIC\u00a0\u00bb.<\/span><\/p>\n<p><\/p>\n<p><a href=\"https:\/\/travail-emploi.gouv.fr\/actualites\/presse\/communiques-de-presse\/article\/le-ministere-du-travail-donne-30-jours-aux-entreprises-pour-declarer-leur\" target=\"_blank\" rel=\"noopener\">https:\/\/travail-emploi.gouv.fr\/actualites\/presse\/communiques-de-presse\/article\/le-ministere-du-travail-donne-30-jours-aux-entreprises-pour-declarer-leur<\/a><\/p>\n<p><\/p>\n<p><\/p>\n","protected":false},"excerpt":{"rendered":"<p>Le minist\u00e8re du travail donne 30 jours aux entreprises pour d\u00e9clarer leur activit\u00e9 partielle, avec effet r\u00e9troactif.<\/p>\n","protected":false},"author":3,"featured_media":15206,"comment_status":"open","ping_status":"open","sticky":false,"template":"","format":"standard","meta":{"_acf_changed":false,"_seopress_titles_title":"","_seopress_titles_desc":"","_seopress_robots_index":"","_seopress_robots_follow":"","_seopress_robots_imageindex":"","_seopress_robots_snippet":"","_seopress_robots_primary_cat":"","_seopress_robots_breadcrumbs":"","_seopress_robots_freeze_modified_date":"","_seopress_robots_custom_modified_date":"","_seopress_robots_canonical":"","_seopress_social_fb_title":"","_seopress_social_fb_desc":"","_seopress_social_fb_img":"","_seopress_social_fb_img_attachment_id":0,"_seopress_social_fb_img_width":0,"_seopress_social_fb_img_height":0,"_seopress_social_twitter_title":"","_seopress_social_twitter_desc":"","_seopress_social_twitter_img":"","_seopress_social_twitter_img_attachment_id":0,"_seopress_social_twitter_img_width":0,"_seopress_social_twitter_img_height":0,"_seopress_redirections_value":"","_seopress_redirections_enabled":"","_seopress_redirections_enabled_regex":"","_seopress_redirections_logged_status":"","_seopress_redirections_param":"","_seopress_redirections_type":0,"_seopress_analysis_target_kw":"","_seopress_news_disabled":"","_seopress_video_disabled":"","_seopress_video":[],"_seopress_pro_schemas_manual":[],"_seopress_pro_rich_snippets_disable_all":"","_seopress_pro_rich_snippets_disable":[],"_seopress_pro_schemas":[],"footnotes":""},"categories":[31],"tags":[],"class_list":["post-18968","post","type-post","status-publish","format-standard","has-post-thumbnail","hentry","category-actualites-en-droit-social"],"acf":[],"_links":{"self":[{"href":"https:\/\/www.voltaire-avocats.com\/fr\/wp-json\/wp\/v2\/posts\/18968","targetHints":{"allow":["GET"]}}],"collection":[{"href":"https:\/\/www.voltaire-avocats.com\/fr\/wp-json\/wp\/v2\/posts"}],"about":[{"href":"https:\/\/www.voltaire-avocats.com\/fr\/wp-json\/wp\/v2\/types\/post"}],"author":[{"embeddable":true,"href":"https:\/\/www.voltaire-avocats.com\/fr\/wp-json\/wp\/v2\/users\/3"}],"replies":[{"embeddable":true,"href":"https:\/\/www.voltaire-avocats.com\/fr\/wp-json\/wp\/v2\/comments?post=18968"}],"version-history":[{"count":0,"href":"https:\/\/www.voltaire-avocats.com\/fr\/wp-json\/wp\/v2\/posts\/18968\/revisions"}],"wp:featuredmedia":[{"embeddable":true,"href":"https:\/\/www.voltaire-avocats.com\/fr\/wp-json\/wp\/v2\/media\/15206"}],"wp:attachment":[{"href":"https:\/\/www.voltaire-avocats.com\/fr\/wp-json\/wp\/v2\/media?parent=18968"}],"wp:term":[{"taxonomy":"category","embeddable":true,"href":"https:\/\/www.voltaire-avocats.com\/fr\/wp-json\/wp\/v2\/categories?post=18968"},{"taxonomy":"post_tag","embeddable":true,"href":"https:\/\/www.voltaire-avocats.com\/fr\/wp-json\/wp\/v2\/tags?post=18968"}],"curies":[{"name":"wp","href":"https:\/\/api.w.org\/{rel}","templated":true}]}}