{"id":18986,"date":"2020-03-19T16:51:27","date_gmt":"2020-03-19T15:51:27","guid":{"rendered":"https:\/\/www.voltaire-avocats.com\/covid-19-traitement-des-demandes-dautorisation-de-licenciement-ou-de-transfert-des-contrats-de-travail-des-salaries-proteges\/"},"modified":"2022-09-19T14:47:27","modified_gmt":"2022-09-19T12:47:27","slug":"covid-19-traitement-des-demandes-dautorisation-de-licenciement-ou-de-transfert-des-contrats-de-travail-des-salaries-proteges","status":"publish","type":"post","link":"https:\/\/www.voltaire-avocats.com\/fr\/covid-19-traitement-des-demandes-dautorisation-de-licenciement-ou-de-transfert-des-contrats-de-travail-des-salaries-proteges\/","title":{"rendered":"Covid-19 : traitement des demandes d\u2019autorisation de licenciement ou de transfert des contrats de travail des salari\u00e9s prot\u00e9g\u00e9s"},"content":{"rendered":"<p class=\"ql-align-justify\">Covid-19&nbsp;: traitement des demandes d\u2019autorisation de licenciement ou de transfert des contrats de travail des salari\u00e9s prot\u00e9g\u00e9s<\/p>\n<p class=\"ql-align-justify\">&nbsp;<\/p>\n<p class=\"ql-align-justify\">Une instruction DGT du 17 mars 2020 pr\u00e9voirait que le&nbsp;traitement des demandes d\u2019autorisation de licenciement ou de transfert des contrats de travail s\u2019effectuerait sous une forme uniquement \u00e9crite, par \u00e9change d\u2019\u00e9crits, et ce, pour tenir compte du contexte sanitaire actuel.<\/p>\n<p class=\"ql-align-justify\">&nbsp;<\/p>\n<p class=\"ql-align-justify\">Il serait toutefois possible d\u2019organiser des auditions par visioconf\u00e9rence, voire par t\u00e9l\u00e9phone (Source: site de la Revue Judiciaire).<\/p>\n<p class=\"ql-align-justify\"><\/p>\n<p class=\"ql-align-justify\">Nous reviendrons vers vous prochainement;<\/p>\n<p><\/p>\n","protected":false},"excerpt":{"rendered":"<p>Covid-19\u00a0: traitement des demandes d\u2019autorisation de licenciement ou de transfert des contrats de travail des salari\u00e9s prot\u00e9g\u00e9s <\/p>\n","protected":false},"author":3,"featured_media":15206,"comment_status":"open","ping_status":"open","sticky":false,"template":"","format":"standard","meta":{"_acf_changed":false,"_seopress_robots_primary_cat":"","_seopress_titles_title":"","_seopress_titles_desc":"","_seopress_robots_index":"","footnotes":""},"categories":[31],"tags":[],"class_list":["post-18986","post","type-post","status-publish","format-standard","has-post-thumbnail","hentry","category-actualites-en-droit-social"],"acf":[],"_links":{"self":[{"href":"https:\/\/www.voltaire-avocats.com\/fr\/wp-json\/wp\/v2\/posts\/18986","targetHints":{"allow":["GET"]}}],"collection":[{"href":"https:\/\/www.voltaire-avocats.com\/fr\/wp-json\/wp\/v2\/posts"}],"about":[{"href":"https:\/\/www.voltaire-avocats.com\/fr\/wp-json\/wp\/v2\/types\/post"}],"author":[{"embeddable":true,"href":"https:\/\/www.voltaire-avocats.com\/fr\/wp-json\/wp\/v2\/users\/3"}],"replies":[{"embeddable":true,"href":"https:\/\/www.voltaire-avocats.com\/fr\/wp-json\/wp\/v2\/comments?post=18986"}],"version-history":[{"count":0,"href":"https:\/\/www.voltaire-avocats.com\/fr\/wp-json\/wp\/v2\/posts\/18986\/revisions"}],"wp:featuredmedia":[{"embeddable":true,"href":"https:\/\/www.voltaire-avocats.com\/fr\/wp-json\/wp\/v2\/media\/15206"}],"wp:attachment":[{"href":"https:\/\/www.voltaire-avocats.com\/fr\/wp-json\/wp\/v2\/media?parent=18986"}],"wp:term":[{"taxonomy":"category","embeddable":true,"href":"https:\/\/www.voltaire-avocats.com\/fr\/wp-json\/wp\/v2\/categories?post=18986"},{"taxonomy":"post_tag","embeddable":true,"href":"https:\/\/www.voltaire-avocats.com\/fr\/wp-json\/wp\/v2\/tags?post=18986"}],"curies":[{"name":"wp","href":"https:\/\/api.w.org\/{rel}","templated":true}]}}