{"id":19004,"date":"2020-03-24T07:21:20","date_gmt":"2020-03-24T06:21:20","guid":{"rendered":"https:\/\/www.voltaire-avocats.com\/covid-19-nouvelles-dispositions-sur-les-rassemblements-reunions-activites-accueils-et-deplacements-ainsi-que-lusage-des-moyens-de-transports\/"},"modified":"2022-09-19T14:47:30","modified_gmt":"2022-09-19T12:47:30","slug":"covid-19-nouvelles-dispositions-sur-les-rassemblements-reunions-activites-accueils-et-deplacements-ainsi-que-lusage-des-moyens-de-transports","status":"publish","type":"post","link":"https:\/\/www.voltaire-avocats.com\/fr\/covid-19-nouvelles-dispositions-sur-les-rassemblements-reunions-activites-accueils-et-deplacements-ainsi-que-lusage-des-moyens-de-transports\/","title":{"rendered":"Covid-19 : nouvelles dispositions sur les rassemblements, r\u00e9unions, activit\u00e9s, accueils et d\u00e9placements ainsi que l&rsquo;usage des moyens de transports"},"content":{"rendered":"<p>Est publi\u00e9 au Journal officiel du 24 mars 2020 le d\u00e9cret n\u00b02020-293 du 23 mars 2020 prescrivant les mesures g\u00e9n\u00e9rales n\u00e9cessaires pour faire face \u00e0 l&rsquo;\u00e9pid\u00e9mie de covid-19 dans le cadre de l&rsquo;\u00e9tat d&rsquo;urgence sanitaire.<\/p>\n<p><\/p>\n<p>Ce d\u00e9cret comprend les nouvelles dispositions sur les r<span style=\"color: black;\">assemblements, r\u00e9unions, activit\u00e9s, accueils et d\u00e9placements ainsi que l&rsquo;usage des moyens de transports pour lutter \u00e0 cette \u00e9pid\u00e9mie.<\/span><\/p>\n<p><\/p>\n<p><strong><u>* Dans ce d\u00e9cret (et apr\u00e8s notamment la d\u00e9cision du Conseil d\u2019\u00e9tat du 22 mars dernier enjoignant au Gouvernement de revoir certaines r\u00e8gles du confinement), il est d\u00e9sormais pr\u00e9vu s\u2019agissant des d\u00e9placements\u00a0:<\/u><\/strong><\/p>\n<p>\u00a0<\/p>\n<p>\u00ab\u00a0<strong><em>I. &#8211; Jusqu&rsquo;au 31 mars 2020, tout d\u00e9placement de personne hors de son domicile est interdit \u00e0 l&rsquo;exception des d\u00e9placements pour les motifs suivants en \u00e9vitant tout regroupement de personnes :<\/em><\/strong><\/p>\n<p><strong><em>1\u00b0 Trajets entre le domicile et le ou les lieux d&rsquo;exercice de l&rsquo;activit\u00e9 professionnelle et d\u00e9placements professionnels insusceptibles d&rsquo;\u00eatre diff\u00e9r\u00e9s ;<\/em><\/strong><\/p>\n<p><em>2\u00b0 D\u00e9placements pour effectuer des achats de fournitures n\u00e9cessaires \u00e0 l&rsquo;activit\u00e9 professionnelle et des achats de premi\u00e8re n\u00e9cessit\u00e9 dans des \u00e9tablissements dont les activit\u00e9s demeurent autoris\u00e9es par l&rsquo;article 8 du pr\u00e9sent d\u00e9cret ;<\/em><\/p>\n<p><em> 3\u00b0 D\u00e9placements pour motifs de sant\u00e9 \u00e0 l&rsquo;exception des consultations et soins pouvant \u00eatre assur\u00e9s \u00e0 distance et, sauf pour les patients atteints d&rsquo;une affection de longue dur\u00e9e, de ceux qui peuvent \u00eatre diff\u00e9r\u00e9s ;<\/em><\/p>\n<p><em> 4\u00b0 D\u00e9placements pour motif familial imp\u00e9rieux, pour l&rsquo;assistance des personnes vuln\u00e9rables et pour la garde d&rsquo;enfants ;<\/em><\/p>\n<p><em> 5\u00b0 D\u00e9placements brefs, dans la limite d&rsquo;une heure quotidienne et dans un rayon maximal d&rsquo;un kilom\u00e8tre autour du domicile, li\u00e9s soit \u00e0 l&rsquo;activit\u00e9 physique individuelle des personnes, \u00e0 l&rsquo;exclusion de toute pratique sportive collective et de toute proximit\u00e9 avec d&rsquo;autres personnes, soit \u00e0 la promenade avec les seules personnes regroup\u00e9es dans un m\u00eame domicile, soit aux besoins des animaux de compagnie ;<\/em><\/p>\n<p><em> 6\u00b0 D\u00e9placements r\u00e9sultant d&rsquo;une obligation de pr\u00e9sentation aux services de police ou de gendarmerie nationales ou \u00e0 tout autre service ou professionnel, impos\u00e9e par l&rsquo;autorit\u00e9 de police administrative ou l&rsquo;autorit\u00e9 judiciaire ;<\/em><\/p>\n<p><em> 7\u00b0 D\u00e9placements r\u00e9sultant d&rsquo;une convocation \u00e9manant d&rsquo;une juridiction administrative ou de l&rsquo;autorit\u00e9 judiciaire ;<\/em><\/p>\n<p><em> 8\u00b0 D\u00e9placements aux seules fins de participer \u00e0 des missions d&rsquo;int\u00e9r\u00eat g\u00e9n\u00e9ral sur demande de l&rsquo;autorit\u00e9 administrative et dans les conditions qu&rsquo;elle pr\u00e9cise.<\/em><\/p>\n<p><strong><em>II. &#8211; Les personnes souhaitant b\u00e9n\u00e9ficier de l&rsquo;une de ces exceptions doivent se munir, lors de leurs d\u00e9placements hors de leur domicile, d&rsquo;un document leur permettant de justifier que le d\u00e9placement consid\u00e9r\u00e9 entre dans le champ de l&rsquo;une de ces exceptions.<\/em><\/strong><\/p>\n<p><em>III. &#8211; Le repr\u00e9sentant de l&rsquo;Etat dans le d\u00e9partement est habilit\u00e9 \u00e0 adopter des mesures plus restrictives en mati\u00e8re de trajets et d\u00e9placements des personnes lorsque les circonstances locales l&rsquo;exigent.<\/em><\/p>\n<p><em> IV. &#8211; Le pr\u00e9sent article s&rsquo;applique \u00e0 Saint-Barth\u00e9lemy, Saint-Martin et Saint-Pierre-et-Miquelon<\/em>\u00a0\u00bb <strong>(article 3<\/strong>).<\/p>\n<p><\/p>\n<p>Pour le renforcement de l&rsquo;arsenal r\u00e9pressif en cas de d\u00e9placement sans justificatif: voir notre actu du 23 mars 2020.<\/p>\n<p><\/p>\n<p><strong><u>* Dans ce d\u00e9cret, figure \u00e9galement la liste des \u00e9tablissement ne pouvant plus accueillir du public jusqu\u2019au 15 avril 2020 :<\/u><\/strong><\/p>\n<p>\u00a0<\/p>\n<p>\u00ab\u00a0<em>I. &#8211; <\/em><strong><em>Les \u00e9tablissements relevant des cat\u00e9gories mentionn\u00e9es par le r\u00e8glement pris en application de l&rsquo;<\/em><\/strong><a href=\"https:\/\/www.legifrance.gouv.fr\/affichCodeArticle.do?cidTexte=LEGITEXT000006074096&#038;idArticle=LEGIARTI000006896100&#038;dateTexte=&#038;categorieLien=cid\" target=\"_blank\" style=\"color: windowtext;\" rel=\"noopener\"><strong><em>article R. 123-12 du code de la construction et de l&rsquo;habitation<\/em><\/strong><\/a><strong><em>\u00a0figurant ci-apr\u00e8s ne peuvent plus accueillir du public jusqu&rsquo;au 15 avril 2020 :<\/em><\/strong><\/p>\n<p><em>&#8211; au titre de la cat\u00e9gorie L : Salles d&rsquo;auditions, de conf\u00e9rences, de r\u00e9unions, de spectacles ou \u00e0 usage multiple sauf pour les salles d&rsquo;audience des juridictions ;<\/em><\/p>\n<p><em> &#8211; au titre de la cat\u00e9gorie M : Magasins de vente et Centres commerciaux, sauf pour leurs activit\u00e9s de livraison et de retraits de commandes ;<\/em><\/p>\n<p><em> &#8211; au titre de la cat\u00e9gorie N : Restaurants et d\u00e9bits de boissons, sauf pour leurs activit\u00e9s de livraison et de vente \u00e0 emporter, le \u00ab room service \u00bb des restaurants et bars d&rsquo;h\u00f4tels et la restauration collective sous contrat ;<\/em><\/p>\n<p><em> &#8211; au titre de la cat\u00e9gorie P : Salles de danse et salles de jeux ;<\/em><\/p>\n<p><em> &#8211; au titre de la cat\u00e9gorie S : Biblioth\u00e8ques, centres de documentation ;<\/em><\/p>\n<p><em> &#8211; au titre de la cat\u00e9gorie T : Salles d&rsquo;expositions ;<\/em><\/p>\n<p><em> &#8211; au titre de la cat\u00e9gorie X : Etablissements sportifs couverts ;<\/em><\/p>\n<p><em> &#8211; au titre de la cat\u00e9gorie Y : Mus\u00e9es ;<\/em><\/p>\n<p><em> &#8211; au titre de la cat\u00e9gorie CTS : Chapiteaux, tentes et structures ;<\/em><\/p>\n<p><em> &#8211; au titre de la cat\u00e9gorie PA : Etablissements de plein air ;<\/em><\/p>\n<p><em> &#8211; au titre de la cat\u00e9gorie R : Etablissements d&rsquo;\u00e9veil, d&rsquo;enseignement, de formation, centres de vacances, centres de loisirs sans h\u00e9bergement, sauf ceux relevant des articles 9 et 10.<\/em><\/p>\n<p><strong><em>II. &#8211; Les \u00e9tablissements relevant du I peuvent toutefois continuer \u00e0 recevoir du public pour les activit\u00e9s figurant en annexe.<\/em><\/strong><\/p>\n<p><em> III. &#8211; La tenue des march\u00e9s, couverts ou non et quel qu&rsquo;en soit l&rsquo;objet, est interdite. Toutefois, le repr\u00e9sentant de l&rsquo;Etat dans le d\u00e9partement peut, apr\u00e8s avis du maire, accorder une autorisation d&rsquo;ouverture des march\u00e9s alimentaires qui r\u00e9pondent \u00e0 un besoin d&rsquo;approvisionnement de la population si les conditions de leur organisation ainsi que les contr\u00f4les mis en place sont propres \u00e0 garantir le respect des dispositions de l&rsquo;article 1er et de l&rsquo;article 7.<\/em><\/p>\n<p><em> IV. &#8211; Les \u00e9tablissements de culte, relevant de la cat\u00e9gorie V, sont autoris\u00e9s \u00e0 rester ouverts. Tout rassemblement ou r\u00e9union en leur sein est interdit \u00e0 l&rsquo;exception des c\u00e9r\u00e9monies fun\u00e9raires dans la limite de 20 personnes.<\/em><\/p>\n<p><em> V. &#8211; Les \u00e9tablissements mentionn\u00e9s aux articles\u00a0<\/em><a href=\"https:\/\/www.legifrance.gouv.fr\/affichCodeArticle.do?cidTexte=LEGITEXT000006071318&#038;idArticle=LEGIARTI000006547695&#038;dateTexte=&#038;categorieLien=cid\" target=\"_blank\" style=\"color: windowtext;\" rel=\"noopener\"><em>L. 322-1<\/em><\/a><em>\u00a0et\u00a0<\/em><a href=\"https:\/\/www.legifrance.gouv.fr\/affichCodeArticle.do?cidTexte=LEGITEXT000006071318&#038;idArticle=LEGIARTI000006547696&#038;dateTexte=&#038;categorieLien=cid\" target=\"_blank\" style=\"color: windowtext;\" rel=\"noopener\"><em>L. 322-2<\/em><\/a><em>\u00a0du code du sport sont ferm\u00e9s.<\/em><\/p>\n<p><em> VI. &#8211; Le repr\u00e9sentant de l&rsquo;Etat dans le d\u00e9partement est habilit\u00e9 \u00e0 interdire ou \u00e0 restreindre, par des mesures r\u00e9glementaires ou individuelles, les activit\u00e9s qui ne sont pas interdites en vertu du pr\u00e9sent article.<\/em><\/p>\n<p><em> VII. &#8211; Les dispositions du pr\u00e9sent article sont applicables sur le territoire de la R\u00e9publique<\/em>\u00a0\u00bb (<strong>article 8 et voir son annexe pour le d\u00e9tail du II<\/strong>).<\/p>\n<p><\/p>\n<p>* <strong><u>Par ailleurs, \u00ab\u00a0<\/u><em><u>tout rassemblement, r\u00e9union et activit\u00e9 <\/u><\/em><\/strong><strong style=\"color: black;\"><em><u>mettant en pr\u00e9sence de mani\u00e8re simultan\u00e9e plus de 100 personnes en milieu clos ou ouvert, est interdit sur le territoire de la R\u00e9publique jusqu&rsquo;au 15 avril 2020.<\/u><\/em><\/strong><\/p>\n<p><em style=\"color: black;\"> Les rassemblements, r\u00e9unions ou activit\u00e9s indispensables \u00e0 la continuit\u00e9 de la vie de la Nation peuvent \u00eatre maintenus \u00e0 titre d\u00e9rogatoire par le repr\u00e9sentant de l&rsquo;Etat dans le d\u00e9partement, par des mesures r\u00e9glementaires ou individuelles, sauf lorsque les circonstances locales s&rsquo;y opposent.<\/em><\/p>\n<p><em style=\"color: black;\"> Le repr\u00e9sentant de l&rsquo;Etat dans le d\u00e9partement est habilit\u00e9 aux m\u00eames fins \u00e0 interdire ou \u00e0 restreindre, par des mesures r\u00e9glementaires ou individuelles, les rassemblements, r\u00e9unions ou activit\u00e9s ne relevant pas du premier alin\u00e9a lorsque les circonstances locales l&rsquo;exigen<\/em><span style=\"color: black;\">t\u00a0\u00bb.<\/span><\/p>\n<p>\u00a0<\/p>\n<p>\u00a0<a href=\"https:\/\/www.legifrance.gouv.fr\/affichTexte.do?cidTexte=JORFTEXT000041746694&#038;dateTexte=&#038;categorieLien=id\" target=\"_blank\" rel=\"noopener\">https:\/\/www.legifrance.gouv.fr\/affichTexte.do?cidTexte=JORFTEXT000041746694&#038;dateTexte=&#038;categorieLien=id<\/a><\/p>\n","protected":false},"excerpt":{"rendered":"<p>Est publi\u00e9 au Journal officiel du 24 mars 2020 le d\u00e9cret n\u00b02020-293 du 23 mars 2020 prescrivant les mesures g\u00e9n\u00e9rales n\u00e9cessaires pour faire face \u00e0 l&rsquo;\u00e9pid\u00e9mie de covid-19 dans le cadre de l&rsquo;\u00e9tat d&rsquo;urgence sanitaire<\/p>\n","protected":false},"author":3,"featured_media":19002,"comment_status":"open","ping_status":"open","sticky":false,"template":"","format":"standard","meta":{"_acf_changed":false,"_seopress_titles_title":"","_seopress_titles_desc":"","_seopress_robots_index":"","_seopress_robots_follow":"","_seopress_robots_imageindex":"","_seopress_robots_snippet":"","_seopress_robots_primary_cat":"","_seopress_robots_breadcrumbs":"","_seopress_robots_freeze_modified_date":"","_seopress_robots_custom_modified_date":"","_seopress_robots_canonical":"","_seopress_social_fb_title":"","_seopress_social_fb_desc":"","_seopress_social_fb_img":"","_seopress_social_fb_img_attachment_id":0,"_seopress_social_fb_img_width":0,"_seopress_social_fb_img_height":0,"_seopress_social_twitter_title":"","_seopress_social_twitter_desc":"","_seopress_social_twitter_img":"","_seopress_social_twitter_img_attachment_id":0,"_seopress_social_twitter_img_width":0,"_seopress_social_twitter_img_height":0,"_seopress_redirections_value":"","_seopress_redirections_enabled":"","_seopress_redirections_enabled_regex":"","_seopress_redirections_logged_status":"","_seopress_redirections_param":"","_seopress_redirections_type":0,"_seopress_analysis_target_kw":"","_seopress_news_disabled":"","_seopress_video_disabled":"","_seopress_video":[],"_seopress_pro_schemas_manual":[],"_seopress_pro_rich_snippets_disable_all":"","_seopress_pro_rich_snippets_disable":[],"_seopress_pro_schemas":[],"footnotes":""},"categories":[31],"tags":[],"class_list":["post-19004","post","type-post","status-publish","format-standard","has-post-thumbnail","hentry","category-actualites-en-droit-social"],"acf":[],"_links":{"self":[{"href":"https:\/\/www.voltaire-avocats.com\/fr\/wp-json\/wp\/v2\/posts\/19004","targetHints":{"allow":["GET"]}}],"collection":[{"href":"https:\/\/www.voltaire-avocats.com\/fr\/wp-json\/wp\/v2\/posts"}],"about":[{"href":"https:\/\/www.voltaire-avocats.com\/fr\/wp-json\/wp\/v2\/types\/post"}],"author":[{"embeddable":true,"href":"https:\/\/www.voltaire-avocats.com\/fr\/wp-json\/wp\/v2\/users\/3"}],"replies":[{"embeddable":true,"href":"https:\/\/www.voltaire-avocats.com\/fr\/wp-json\/wp\/v2\/comments?post=19004"}],"version-history":[{"count":0,"href":"https:\/\/www.voltaire-avocats.com\/fr\/wp-json\/wp\/v2\/posts\/19004\/revisions"}],"wp:featuredmedia":[{"embeddable":true,"href":"https:\/\/www.voltaire-avocats.com\/fr\/wp-json\/wp\/v2\/media\/19002"}],"wp:attachment":[{"href":"https:\/\/www.voltaire-avocats.com\/fr\/wp-json\/wp\/v2\/media?parent=19004"}],"wp:term":[{"taxonomy":"category","embeddable":true,"href":"https:\/\/www.voltaire-avocats.com\/fr\/wp-json\/wp\/v2\/categories?post=19004"},{"taxonomy":"post_tag","embeddable":true,"href":"https:\/\/www.voltaire-avocats.com\/fr\/wp-json\/wp\/v2\/tags?post=19004"}],"curies":[{"name":"wp","href":"https:\/\/api.w.org\/{rel}","templated":true}]}}