{"id":19059,"date":"2020-04-07T09:43:30","date_gmt":"2020-04-07T07:43:30","guid":{"rendered":"https:\/\/www.voltaire-avocats.com\/coronavirus-et-question-de-la-prise-en-charge-de-linfection-au-titre-de-la-legislation-relative-aux-risques-professionnels\/"},"modified":"2022-09-19T14:47:39","modified_gmt":"2022-09-19T12:47:39","slug":"coronavirus-et-question-de-la-prise-en-charge-de-linfection-au-titre-de-la-legislation-relative-aux-risques-professionnels","status":"publish","type":"post","link":"https:\/\/www.voltaire-avocats.com\/fr\/coronavirus-et-question-de-la-prise-en-charge-de-linfection-au-titre-de-la-legislation-relative-aux-risques-professionnels\/","title":{"rendered":"Coronavirus et question de la prise en charge de l\u2019infection au titre de la l\u00e9gislation relative aux risques professionnels"},"content":{"rendered":"<p class=\"ql-align-justify\"><span style=\"color: black;\">La propagation de l\u2019\u00e9pid\u00e9mie de coronavirus pose la question de savoir si des salari\u00e9s contamin\u00e9s pourraient obtenir la prise en charge de l\u2019infection au titre de la l\u00e9gislation relative aux risques professionnels.<\/span><\/p>\n<p class=\"ql-align-justify\">\u00a0<\/p>\n<p class=\"ql-align-justify\"><span style=\"color: black;\">Est, consid\u00e9r\u00e9 comme un accident du travail, quelle qu\u2019en soit la cause \u00ab<\/span><em style=\"color: black;\">\u00a0l\u2019accident survenu par le fait ou l\u2019occasion du travail \u00e0 toute personne salari\u00e9 ou travaillant, \u00e0 quelque titre ou en quelque lieu que ce soit, pour un ou plusieurs employeurs ou chefs d\u2019entreprise\u00a0<\/em><span style=\"color: black;\">\u00bb (article L.411-1 du Code de la s\u00e9curit\u00e9 sociale).<\/span><\/p>\n<p class=\"ql-align-justify\">\u00a0<\/p>\n<p class=\"ql-align-justify\"><span style=\"color: black;\">La jurisprudence consid\u00e8re, par ailleurs, que constitue un accident du travail un \u00e9v\u00e9nement ou une s\u00e9rie d\u2019\u00e9v\u00e9nements survenus \u00e0 des dates certaines par le fait ou \u00e0 l\u2019occasion du travail, dont il est r\u00e9sult\u00e9 une l\u00e9sion corporelle, quelle que soit la date d\u2019apparition de celle-ci.<\/span><\/p>\n<p class=\"ql-align-justify\">\u00a0<\/p>\n<p class=\"ql-align-justify\"><span style=\"color: black;\">D\u00e8s lors que le coronavirus se transmet par les s\u00e9cr\u00e9tions projet\u00e9es lors d\u2019une discussion, d\u2019\u00e9ternuements, de la toux ou lors d\u2019un contact rapproch\u00e9, un salari\u00e9 infect\u00e9 par le coronavirus pourrait faire valoir qu\u2019un de ses coll\u00e8gues l\u2019a contamin\u00e9, sur le lieu de travail et pendant le temps de travail.<\/span><\/p>\n<p class=\"ql-align-justify\">\u00a0<\/p>\n<p class=\"ql-align-justify\"><span style=\"color: black;\">Rappelons qu\u2019il existe \u00e0 cet \u00e9gard une pr\u00e9somption en vertu de laquelle l\u2019accident survenu sur le lieu de travail et pendant le temps de travail est d\u2019origine professionnelle.<\/span><\/p>\n<p class=\"ql-align-justify\">\u00a0<\/p>\n<p class=\"ql-align-justify\"><span style=\"color: black;\">La difficult\u00e9 serait toutefois pour le salari\u00e9 d\u2019\u00e9tablir que le Covid-19 a \u00e9t\u00e9 contract\u00e9 \u00e0 la suite d\u2019un \u00e9v\u00e9nement pr\u00e9cis.<\/span><\/p>\n<p class=\"ql-align-justify\">\u00a0<\/p>\n<p class=\"ql-align-justify\"><span style=\"color: black;\">Il incomberait alors \u00e0 l\u2019employeur, qui conteste le caract\u00e8re professionnel de l\u2019accident, de d\u00e9montrer que la contamination a une cause totalement \u00e9trang\u00e8re au travail, ce qui semble d\u00e9licat en pratique, d\u2019o\u00f9 l\u2019importance pour l\u2019employeur d\u2019\u00e9mettre, lors de la d\u00e9claration de l\u2019accident du travail, des r\u00e9serves portant sur les circonstances de temps et de lieu de l\u2019accident ou sur l\u2019existence d\u2019une cause \u00e9trang\u00e8re au travail.<\/span><\/p>\n<p class=\"ql-align-justify\">\u00a0<\/p>\n<p class=\"ql-align-justify\"><span style=\"color: black;\">La qualification de maladie professionnelle suppose, quant \u00e0 elle, une exposition plus ou moins prolong\u00e9e \u00e0 un risque existant lors de l\u2019exercice habituel de la profession, ce qui pourrait \u00eatre le cas des salari\u00e9s travaillant notamment en milieu m\u00e9dical.<\/span><\/p>\n<p class=\"ql-align-justify\">\u00a0<\/p>\n<p class=\"ql-align-justify\"><span style=\"color: black;\">La maladie ne figurant pas dans un tableau de maladies professionnelles, le salari\u00e9 qui sollicite la reconnaissance d\u2019une maladie professionnelle, qui ne pourra intervenir qu\u2019apr\u00e8s un avis du CRRMP, devra alors rapporter la preuve que l\u2019infection est survenue par le fait ou \u00e0 l\u2019occasion du travail et, qu\u2019il souffre d\u2019une IPP au moins \u00e9gale \u00e0 25%, preuve qui peut \u00eatre difficile \u00e0 apporter.<\/span><\/p>\n<p class=\"ql-align-justify\">\u00a0<\/p>\n<p class=\"ql-align-justify\"><span style=\"color: black;\">Notons que le gouvernement a indiqu\u00e9 que le coronavirus serait reconnu comme maladie professionnelle pour le personnel soignant, de sorte que les conditions relatives \u00e0 la qualification d\u2019une maladie professionnelle li\u00e9e au coronavirus pourraient \u00eatre assouplies.<\/span><\/p>\n<p class=\"ql-align-justify\">\u00a0<\/p>\n<p class=\"ql-align-justify\"><span style=\"color: black;\">Enfin, pour \u00e9viter tout risque de reconnaissance d\u2019une faute inexcusable de l\u2019employeur qui peut \u00eatre caract\u00e9ris\u00e9e d\u00e8s lors que l\u2019employeur avait ou aurait d\u00fb avoir conscience du danger auquel \u00e9tait expos\u00e9 son salari\u00e9 et qui s\u2019est abstenu de prendre les mesures destin\u00e9es \u00e0 l\u2019en pr\u00e9server, il est rappel\u00e9 aux entreprises la n\u00e9cessit\u00e9 de prendre les mesures n\u00e9cessaires pour prot\u00e9ger les salari\u00e9s notamment en favorisant le t\u00e9l\u00e9travail et en assurant le respect des mesures d\u2019hygi\u00e8ne et des gestes barri\u00e8res recommand\u00e9s par les autorit\u00e9s sanitaires.<\/span><\/p>\n<p><\/p>\n","protected":false},"excerpt":{"rendered":"<p>Coronavirus et question de la prise en charge de l\u2019infection au titre de la l\u00e9gislation relative aux risques professionnels<\/p>\n","protected":false},"author":3,"featured_media":19057,"comment_status":"open","ping_status":"open","sticky":false,"template":"","format":"standard","meta":{"_acf_changed":false,"_seopress_robots_primary_cat":"","_seopress_titles_title":"","_seopress_titles_desc":"","_seopress_robots_index":"","footnotes":""},"categories":[31],"tags":[],"class_list":["post-19059","post","type-post","status-publish","format-standard","has-post-thumbnail","hentry","category-actualites-en-droit-social"],"acf":[],"_links":{"self":[{"href":"https:\/\/www.voltaire-avocats.com\/fr\/wp-json\/wp\/v2\/posts\/19059","targetHints":{"allow":["GET"]}}],"collection":[{"href":"https:\/\/www.voltaire-avocats.com\/fr\/wp-json\/wp\/v2\/posts"}],"about":[{"href":"https:\/\/www.voltaire-avocats.com\/fr\/wp-json\/wp\/v2\/types\/post"}],"author":[{"embeddable":true,"href":"https:\/\/www.voltaire-avocats.com\/fr\/wp-json\/wp\/v2\/users\/3"}],"replies":[{"embeddable":true,"href":"https:\/\/www.voltaire-avocats.com\/fr\/wp-json\/wp\/v2\/comments?post=19059"}],"version-history":[{"count":0,"href":"https:\/\/www.voltaire-avocats.com\/fr\/wp-json\/wp\/v2\/posts\/19059\/revisions"}],"wp:featuredmedia":[{"embeddable":true,"href":"https:\/\/www.voltaire-avocats.com\/fr\/wp-json\/wp\/v2\/media\/19057"}],"wp:attachment":[{"href":"https:\/\/www.voltaire-avocats.com\/fr\/wp-json\/wp\/v2\/media?parent=19059"}],"wp:term":[{"taxonomy":"category","embeddable":true,"href":"https:\/\/www.voltaire-avocats.com\/fr\/wp-json\/wp\/v2\/categories?post=19059"},{"taxonomy":"post_tag","embeddable":true,"href":"https:\/\/www.voltaire-avocats.com\/fr\/wp-json\/wp\/v2\/tags?post=19059"}],"curies":[{"name":"wp","href":"https:\/\/api.w.org\/{rel}","templated":true}]}}