{"id":19206,"date":"2020-06-08T10:01:38","date_gmt":"2020-06-08T08:01:38","guid":{"rendered":"https:\/\/www.voltaire-avocats.com\/rapport-dinformation-sur-limpact-la-gestion-et-les-consequences-dans-toutes-ses-dimensions-de-lepidemie-de-coronavirus-covid-19-en-france\/"},"modified":"2022-09-19T14:47:59","modified_gmt":"2022-09-19T12:47:59","slug":"rapport-dinformation-sur-limpact-la-gestion-et-les-consequences-dans-toutes-ses-dimensions-de-lepidemie-de-coronavirus-covid-19-en-france","status":"publish","type":"post","link":"https:\/\/www.voltaire-avocats.com\/fr\/rapport-dinformation-sur-limpact-la-gestion-et-les-consequences-dans-toutes-ses-dimensions-de-lepidemie-de-coronavirus-covid-19-en-france\/","title":{"rendered":"Rapport d&rsquo;information sur l\u2019impact, la gestion et les cons\u00e9quences dans toutes ses dimensions de l\u2019\u00e9pid\u00e9mie de Coronavirus-Covid 19 en France"},"content":{"rendered":"<p class=\"ql-align-justify\">La Mission d\u2019information sur l\u2019impact, la gestion et les cons\u00e9quences dans toutes ses dimensions de l\u2019\u00e9pid\u00e9mie de Coronavirus-Covid 19 en France cr\u00e9\u00e9e par l&rsquo;Assembl\u00e9e nationale le mardi 31 mars 2020 a mis en ligne son rapport le 5 juin 2020.<\/p>\n<p class=\"ql-align-justify\">\u00a0<\/p>\n<p class=\"ql-align-justify\">Le rapport revient notamment sur deux cat\u00e9gories de mesures prises en mati\u00e8re \u00e9conomique et sociale pour faire face \u00e0 la crise, \u00e0 savoir\u00a0:<\/p>\n<p class=\"ql-align-justify\">\u00a0<\/p>\n<p class=\"ql-align-justify\">> Des mesures de soutien aux entreprises pour pr\u00e9venir les faillites li\u00e9es \u00e0 la r\u00e9duction d\u2019activit\u00e9 :<\/p>\n<ul>\n<li class=\"ql-align-justify\">Le fonds de solidarit\u00e9 pour les tr\u00e8s petites entreprises<\/li>\n<li class=\"ql-align-justify\">Les pr\u00eats garantis par l\u2019\u00c9tat<\/li>\n<li class=\"ql-align-justify\">Les reports de charges fiscales et sociales<\/li>\n<li class=\"ql-align-justify\">Les aides sp\u00e9cifiques \u00e0 certaines cat\u00e9gories d\u2019entreprises ;<\/li>\n<\/ul>\n<p class=\"ql-align-justify\"><\/p>\n<p class=\"ql-align-justify\">> Les mesures de soutien \u00e0 l\u2019emploi et aux salari\u00e9s :<\/p>\n<ul>\n<li class=\"ql-align-justify\">L\u2019extension du dispositif d\u2019activit\u00e9 partielle<\/li>\n<li class=\"ql-align-justify\">La reconnaissance vis-\u00e0-vis des professions expos\u00e9es<\/li>\n<li class=\"ql-align-justify\">Des enjeux de sant\u00e9 au travail particuli\u00e8rement importants dans le cadre du d\u00e9confinement.<\/li>\n<\/ul>\n<p class=\"ql-align-justify\"><\/p>\n<p><a href=\"http:\/\/www.assemblee-nationale.fr\/dyn\/15\/rapports\/covid19\/l15b3053_rapport-information\" target=\"_blank\" rel=\"noopener\">http:\/\/www.assemblee-nationale.fr\/dyn\/15\/rapports\/covid19\/l15b3053_rapport-information<\/a><\/p>\n","protected":false},"excerpt":{"rendered":"<p>La Mission d\u2019information sur l\u2019impact, la gestion et les cons\u00e9quences dans toutes ses dimensions de l\u2019\u00e9pid\u00e9mie de Coronavirus-Covid 19 en France cr\u00e9\u00e9e par l&rsquo;Assembl\u00e9e nationale le mardi 31 mars 2020 a mis en ligne son rapport le 5 juin 2020.<\/p>\n","protected":false},"author":3,"featured_media":19204,"comment_status":"open","ping_status":"open","sticky":false,"template":"","format":"standard","meta":{"_acf_changed":false,"_seopress_robots_primary_cat":"","_seopress_titles_title":"","_seopress_titles_desc":"","_seopress_robots_index":"","footnotes":""},"categories":[31],"tags":[],"class_list":["post-19206","post","type-post","status-publish","format-standard","has-post-thumbnail","hentry","category-actualites-en-droit-social"],"acf":[],"_links":{"self":[{"href":"https:\/\/www.voltaire-avocats.com\/fr\/wp-json\/wp\/v2\/posts\/19206","targetHints":{"allow":["GET"]}}],"collection":[{"href":"https:\/\/www.voltaire-avocats.com\/fr\/wp-json\/wp\/v2\/posts"}],"about":[{"href":"https:\/\/www.voltaire-avocats.com\/fr\/wp-json\/wp\/v2\/types\/post"}],"author":[{"embeddable":true,"href":"https:\/\/www.voltaire-avocats.com\/fr\/wp-json\/wp\/v2\/users\/3"}],"replies":[{"embeddable":true,"href":"https:\/\/www.voltaire-avocats.com\/fr\/wp-json\/wp\/v2\/comments?post=19206"}],"version-history":[{"count":0,"href":"https:\/\/www.voltaire-avocats.com\/fr\/wp-json\/wp\/v2\/posts\/19206\/revisions"}],"wp:featuredmedia":[{"embeddable":true,"href":"https:\/\/www.voltaire-avocats.com\/fr\/wp-json\/wp\/v2\/media\/19204"}],"wp:attachment":[{"href":"https:\/\/www.voltaire-avocats.com\/fr\/wp-json\/wp\/v2\/media?parent=19206"}],"wp:term":[{"taxonomy":"category","embeddable":true,"href":"https:\/\/www.voltaire-avocats.com\/fr\/wp-json\/wp\/v2\/categories?post=19206"},{"taxonomy":"post_tag","embeddable":true,"href":"https:\/\/www.voltaire-avocats.com\/fr\/wp-json\/wp\/v2\/tags?post=19206"}],"curies":[{"name":"wp","href":"https:\/\/api.w.org\/{rel}","templated":true}]}}