{"id":19285,"date":"2020-07-23T08:10:22","date_gmt":"2020-07-23T06:10:22","guid":{"rendered":"https:\/\/www.voltaire-avocats.com\/activite-partielle-actualisation-du-questions-reponses\/"},"modified":"2022-09-19T14:48:08","modified_gmt":"2022-09-19T12:48:08","slug":"activite-partielle-actualisation-du-questions-reponses","status":"publish","type":"post","link":"https:\/\/www.voltaire-avocats.com\/fr\/activite-partielle-actualisation-du-questions-reponses\/","title":{"rendered":"Activit\u00e9 partielle : actualisation du questions\/r\u00e9ponses"},"content":{"rendered":"<p>Le Minist\u00e8re du travail a actualis\u00e9 son questions\/r\u00e9ponses d\u00e9di\u00e9 \u00e0 l&rsquo;activit\u00e9 partielle le 21 juillet dernier.<\/p>\n<p><\/p>\n<p>On notera en particulier que depuis le 5 juillet 2020, il a \u00e9t\u00e9 mis fin au dispositif d\u2019activit\u00e9 partielle pour les salari\u00e9s, parents d\u2019un enfant de moins de seize ans ou d\u2019une personne en situation de handicap faisant l\u2019objet d\u2019une mesure d\u2019isolement, d\u2019\u00e9viction ou de maintien \u00e0 domicile. Seuls les employeurs des d\u00e9partements de Mayotte et de la Guyane demeurent concern\u00e9s par la possibilit\u00e9 de placer des salari\u00e9s en activit\u00e9 partielle pour garde d\u2019enfant.<\/p>\n<p><\/p>\n<p>Les salari\u00e9s vuln\u00e9rables et les salari\u00e9s cohabitant avec des personnes vuln\u00e9rables peuvent en revanche continuer \u00e0 b\u00e9n\u00e9ficier du dispositif d\u2019activit\u00e9 partielle jusqu\u2019au 31 juillet 2020. Au-del\u00e0, le placement en activit\u00e9 partielle ne sera n\u00e9anmoins plus possible pour ces motifs.<\/p>\n<p><\/p>\n<p>https:\/\/travail-emploi.gouv.fr\/le-ministere-en-action\/coronavirus-covid-19\/questions-reponses-par-theme\/faq-chomage-partiel-activite-partielle#bascule<\/p>\n","protected":false},"excerpt":{"rendered":"<p>Le Minist\u00e8re du travail a actualis\u00e9 son questions\/r\u00e9ponses d\u00e9di\u00e9 \u00e0 l&rsquo;activit\u00e9 partielle le 21 juillet dernier. <\/p>\n","protected":false},"author":3,"featured_media":19283,"comment_status":"open","ping_status":"open","sticky":false,"template":"","format":"standard","meta":{"_acf_changed":false,"_seopress_robots_primary_cat":"","_seopress_titles_title":"","_seopress_titles_desc":"","_seopress_robots_index":"","footnotes":""},"categories":[31],"tags":[],"class_list":["post-19285","post","type-post","status-publish","format-standard","has-post-thumbnail","hentry","category-actualites-en-droit-social"],"acf":[],"_links":{"self":[{"href":"https:\/\/www.voltaire-avocats.com\/fr\/wp-json\/wp\/v2\/posts\/19285","targetHints":{"allow":["GET"]}}],"collection":[{"href":"https:\/\/www.voltaire-avocats.com\/fr\/wp-json\/wp\/v2\/posts"}],"about":[{"href":"https:\/\/www.voltaire-avocats.com\/fr\/wp-json\/wp\/v2\/types\/post"}],"author":[{"embeddable":true,"href":"https:\/\/www.voltaire-avocats.com\/fr\/wp-json\/wp\/v2\/users\/3"}],"replies":[{"embeddable":true,"href":"https:\/\/www.voltaire-avocats.com\/fr\/wp-json\/wp\/v2\/comments?post=19285"}],"version-history":[{"count":0,"href":"https:\/\/www.voltaire-avocats.com\/fr\/wp-json\/wp\/v2\/posts\/19285\/revisions"}],"wp:featuredmedia":[{"embeddable":true,"href":"https:\/\/www.voltaire-avocats.com\/fr\/wp-json\/wp\/v2\/media\/19283"}],"wp:attachment":[{"href":"https:\/\/www.voltaire-avocats.com\/fr\/wp-json\/wp\/v2\/media?parent=19285"}],"wp:term":[{"taxonomy":"category","embeddable":true,"href":"https:\/\/www.voltaire-avocats.com\/fr\/wp-json\/wp\/v2\/categories?post=19285"},{"taxonomy":"post_tag","embeddable":true,"href":"https:\/\/www.voltaire-avocats.com\/fr\/wp-json\/wp\/v2\/tags?post=19285"}],"curies":[{"name":"wp","href":"https:\/\/api.w.org\/{rel}","templated":true}]}}