{"id":19457,"date":"2020-10-23T07:45:00","date_gmt":"2020-10-23T05:45:00","guid":{"rendered":"https:\/\/www.voltaire-avocats.com\/diffusion-dun-guide-sur-le-recours-contre-lavis-dinaptitude-par-le-ministere-du-travail\/"},"modified":"2022-09-19T14:48:29","modified_gmt":"2022-09-19T12:48:29","slug":"diffusion-dun-guide-sur-le-recours-contre-lavis-dinaptitude-par-le-ministere-du-travail","status":"publish","type":"post","link":"https:\/\/www.voltaire-avocats.com\/fr\/diffusion-dun-guide-sur-le-recours-contre-lavis-dinaptitude-par-le-ministere-du-travail\/","title":{"rendered":"Diffusion d\u2019un \u00ab guide \u00bb sur le recours contre l\u2019avis d\u2019inaptitude par le minist\u00e8re du Travail"},"content":{"rendered":"<p class=\"ql-align-justify\">Le minist\u00e8re du Travail a diffus\u00e9, le 20 octobre dernier, un guide sur les modalit\u00e9s de contestation d\u2019un avis d\u2019inaptitude rendu par la m\u00e9decine du travail sous forme de questions-r\u00e9ponses.<\/p>\n<p class=\"ql-align-justify\"><\/p>\n<p class=\"ql-align-justify\">Pour m\u00e9moire, la proc\u00e9dure de recours en la mati\u00e8re a fait l\u2019objet de plusieurs r\u00e9formes successives, dont la loi dite \u00ab\u00a0Travail\u00a0\u00bb d\u2019ao\u00fbt 2016, puis les ordonnances dites \u00ab\u00a0Macron\u00a0\u00bb de septembre 2017.<\/p>\n<p class=\"ql-align-justify\"><\/p>\n<p class=\"ql-align-justify\">Le guide diffus\u00e9 par le minist\u00e8re permet ainsi de faire le point sur ce qu\u2019il est possible de contester, les diff\u00e9rents d\u00e9lais, la proc\u00e9dure applicable ou encore les modalit\u00e9s d\u2019expertises.<\/p>\n<p class=\"ql-align-justify\"><\/p>\n<p><a href=\"https:\/\/travail-emploi.gouv.fr\/sante-au-travail\/suivi-de-la-sante-au-travail-10727\/article\/recours-contre-un-avis-d-inaptitude\" target=\"_blank\" rel=\"noopener\">https:\/\/travail-emploi.gouv.fr\/sante-au-travail\/suivi-de-la-sante-au-travail-10727\/article\/recours-contre-un-avis-d-inaptitude<\/a><\/p>\n","protected":false},"excerpt":{"rendered":"<p>Diffusion d\u2019un \u00ab guide \u00bb sur le recours contre l\u2019avis d\u2019inaptitude par le minist\u00e8re du Travail<\/p>\n","protected":false},"author":3,"featured_media":19455,"comment_status":"open","ping_status":"open","sticky":false,"template":"","format":"standard","meta":{"_acf_changed":false,"_seopress_robots_primary_cat":"","_seopress_titles_title":"","_seopress_titles_desc":"","_seopress_robots_index":"","footnotes":""},"categories":[31],"tags":[],"class_list":["post-19457","post","type-post","status-publish","format-standard","has-post-thumbnail","hentry","category-actualites-en-droit-social"],"acf":[],"_links":{"self":[{"href":"https:\/\/www.voltaire-avocats.com\/fr\/wp-json\/wp\/v2\/posts\/19457","targetHints":{"allow":["GET"]}}],"collection":[{"href":"https:\/\/www.voltaire-avocats.com\/fr\/wp-json\/wp\/v2\/posts"}],"about":[{"href":"https:\/\/www.voltaire-avocats.com\/fr\/wp-json\/wp\/v2\/types\/post"}],"author":[{"embeddable":true,"href":"https:\/\/www.voltaire-avocats.com\/fr\/wp-json\/wp\/v2\/users\/3"}],"replies":[{"embeddable":true,"href":"https:\/\/www.voltaire-avocats.com\/fr\/wp-json\/wp\/v2\/comments?post=19457"}],"version-history":[{"count":0,"href":"https:\/\/www.voltaire-avocats.com\/fr\/wp-json\/wp\/v2\/posts\/19457\/revisions"}],"wp:featuredmedia":[{"embeddable":true,"href":"https:\/\/www.voltaire-avocats.com\/fr\/wp-json\/wp\/v2\/media\/19455"}],"wp:attachment":[{"href":"https:\/\/www.voltaire-avocats.com\/fr\/wp-json\/wp\/v2\/media?parent=19457"}],"wp:term":[{"taxonomy":"category","embeddable":true,"href":"https:\/\/www.voltaire-avocats.com\/fr\/wp-json\/wp\/v2\/categories?post=19457"},{"taxonomy":"post_tag","embeddable":true,"href":"https:\/\/www.voltaire-avocats.com\/fr\/wp-json\/wp\/v2\/tags?post=19457"}],"curies":[{"name":"wp","href":"https:\/\/api.w.org\/{rel}","templated":true}]}}