{"id":19539,"date":"2020-12-02T14:58:40","date_gmt":"2020-12-02T13:58:40","guid":{"rendered":"https:\/\/www.voltaire-avocats.com\/projets-dordonnances-sur-la-formation-professionnelle-et-les-services-de-sante-au-travail\/"},"modified":"2022-09-19T14:48:39","modified_gmt":"2022-09-19T12:48:39","slug":"projets-dordonnances-sur-la-formation-professionnelle-et-les-services-de-sante-au-travail","status":"publish","type":"post","link":"https:\/\/www.voltaire-avocats.com\/fr\/projets-dordonnances-sur-la-formation-professionnelle-et-les-services-de-sante-au-travail\/","title":{"rendered":"Projets d\u2019ordonnances sur la formation professionnelle et les services de sant\u00e9 au travail"},"content":{"rendered":"<p class=\"ql-align-justify\">Un projet d\u2019ordonnance adaptant les conditions d\u2019exercice des missions des services de sant\u00e9 au travail \u00e0 l\u2019urgence sanitaire et un projet d\u2019ordonnance en mati\u00e8re de formation professionnelle ont \u00e9t\u00e9 pr\u00e9sent\u00e9s ce jour en Conseil des Ministres.<\/p>\n<p class=\"ql-align-justify\"><\/p>\n<p class=\"ql-align-justify\">Le projet d\u2019ordonnance sur la formation professionnelle modifierait l\u2019ordonnance n\u00b0 2020-387 du 1<sup>er<\/sup> avril 2020 portant mesures d&rsquo;urgence en mati\u00e8re de formation professionnelle et permettrait notamment un report de l\u2019entretien professionnel intervenant entre le 1<sup>er<\/sup> janvier 2020 et le 30 juin 202 jusqu&rsquo;au 30 juin 2021.<\/p>\n<p class=\"ql-align-justify\">\u00a0<\/p>\n<p class=\"ql-align-justify\">Le projet d\u2019ordonnance sur les services de sant\u00e9 au travail pr\u00e9voirait une s\u00e9rie de mesures visant \u00e0 adapter le r\u00f4le des services de sant\u00e9 au travail \u00e0 l\u2019\u00e9volution de la situation sanitaire.<\/p>\n<p class=\"ql-align-justify\">\u00a0<\/p>\n<p class=\"ql-align-justify\">Il pr\u00e9voirait notamment que les services de sant\u00e9 au travail participeraient \u00e0 la lutte contre la propagation de la covid-19 par :<\/p>\n<p class=\"ql-align-justify\">\u00a0<\/p>\n<p class=\"ql-align-justify\">&#8211;\u00a0\u00a0\u00a0\u00a0\u00a0\u00a0la diffusion, \u00e0 l&rsquo;attention des employeurs et des salari\u00e9s, de messages de pr\u00e9vention contre le risque de contagion,<\/p>\n<p class=\"ql-align-justify\">&#8211;\u00a0\u00a0\u00a0\u00a0\u00a0\u00a0l&rsquo;appui aux entreprises dans la d\u00e9finition et la mise en \u0153uvre des mesures de pr\u00e9vention ad\u00e9quates contre ce risque et dans l\u2019adaptation de leur organisation de travail aux effets de la crise sanitaire,<\/p>\n<p class=\"ql-align-justify\">&#8211;\u00a0\u00a0\u00a0\u00a0\u00a0\u00a0la participation aux actions de d\u00e9pistage et de vaccination d\u00e9finies par l\u2019Etat.<\/p>\n<p class=\"ql-align-justify\">\u00a0<\/p>\n<p class=\"ql-align-justify\">Il pr\u00e9voirait \u00e9galement que le m\u00e9decin du travail\u00a0:<\/p>\n<p class=\"ql-align-justify\">\u00a0<\/p>\n<p class=\"ql-align-justify\">&#8211;\u00a0\u00a0\u00a0\u00a0\u00a0\u00a0pourrait prescrire et, le cas \u00e9ch\u00e9ant, renouveler un arr\u00eat de travail en cas d\u2019infection ou de suspicion d\u2019infection \u00e0 la covid-19,<\/p>\n<p class=\"ql-align-justify\">&#8211;\u00a0\u00a0\u00a0\u00a0\u00a0\u00a0pourrait \u00e9galement \u00e9tablir un certificat m\u00e9dical pour les salari\u00e9s vuln\u00e9rables en vue de leur placement en activit\u00e9 partielle,<\/p>\n<p class=\"ql-align-justify\">&#8211;\u00a0\u00a0\u00a0\u00a0\u00a0\u00a0pourrait prescrire et r\u00e9aliser, dans des conditions et selon des modalit\u00e9s pr\u00e9cis\u00e9es par d\u00e9cret \u00e0 venir, des tests de d\u00e9tection du SARS-CoV-2.<\/p>\n<p class=\"ql-align-justify\"><\/p>\n<p class=\"ql-align-justify\">Un report des visites m\u00e9dicales serait, par ailleurs, pr\u00e9vu sous certaines conditions.<\/p>\n<p><\/p>\n","protected":false},"excerpt":{"rendered":"<p>Un projet d\u2019ordonnance adaptant les conditions d\u2019exercice des missions des services de sant\u00e9 au travail \u00e0 l\u2019urgence sanitaire et un projet d\u2019ordonnance en mati\u00e8re de formation professionnelle ont \u00e9t\u00e9 pr\u00e9sent\u00e9s ce jour en Conseil des Ministres.<\/p>\n","protected":false},"author":3,"featured_media":19537,"comment_status":"open","ping_status":"open","sticky":false,"template":"","format":"standard","meta":{"_acf_changed":false,"_seopress_robots_primary_cat":"","_seopress_titles_title":"","_seopress_titles_desc":"","_seopress_robots_index":"","footnotes":""},"categories":[31],"tags":[],"class_list":["post-19539","post","type-post","status-publish","format-standard","has-post-thumbnail","hentry","category-actualites-en-droit-social"],"acf":[],"_links":{"self":[{"href":"https:\/\/www.voltaire-avocats.com\/fr\/wp-json\/wp\/v2\/posts\/19539","targetHints":{"allow":["GET"]}}],"collection":[{"href":"https:\/\/www.voltaire-avocats.com\/fr\/wp-json\/wp\/v2\/posts"}],"about":[{"href":"https:\/\/www.voltaire-avocats.com\/fr\/wp-json\/wp\/v2\/types\/post"}],"author":[{"embeddable":true,"href":"https:\/\/www.voltaire-avocats.com\/fr\/wp-json\/wp\/v2\/users\/3"}],"replies":[{"embeddable":true,"href":"https:\/\/www.voltaire-avocats.com\/fr\/wp-json\/wp\/v2\/comments?post=19539"}],"version-history":[{"count":0,"href":"https:\/\/www.voltaire-avocats.com\/fr\/wp-json\/wp\/v2\/posts\/19539\/revisions"}],"wp:featuredmedia":[{"embeddable":true,"href":"https:\/\/www.voltaire-avocats.com\/fr\/wp-json\/wp\/v2\/media\/19537"}],"wp:attachment":[{"href":"https:\/\/www.voltaire-avocats.com\/fr\/wp-json\/wp\/v2\/media?parent=19539"}],"wp:term":[{"taxonomy":"category","embeddable":true,"href":"https:\/\/www.voltaire-avocats.com\/fr\/wp-json\/wp\/v2\/categories?post=19539"},{"taxonomy":"post_tag","embeddable":true,"href":"https:\/\/www.voltaire-avocats.com\/fr\/wp-json\/wp\/v2\/tags?post=19539"}],"curies":[{"name":"wp","href":"https:\/\/api.w.org\/{rel}","templated":true}]}}