{"id":19578,"date":"2020-12-14T09:01:15","date_gmt":"2020-12-14T08:01:15","guid":{"rendered":"https:\/\/www.voltaire-avocats.com\/les-dreets-remplaceront-les-direccte-a-compter-du-1er-avril-2021\/"},"modified":"2022-09-19T14:48:43","modified_gmt":"2022-09-19T12:48:43","slug":"les-dreets-remplaceront-les-direccte-a-compter-du-1er-avril-2021","status":"publish","type":"post","link":"https:\/\/www.voltaire-avocats.com\/fr\/les-dreets-remplaceront-les-direccte-a-compter-du-1er-avril-2021\/","title":{"rendered":"Les DREETS remplaceront les DIRECCTE \u00e0 compter du 1er avril 2021"},"content":{"rendered":"<p class=\"ql-align-justify\"><span style=\"color: rgb(0, 0, 0);\">Dans le cadre de la r\u00e9forme de l\u2019organisation territoriale de l\u2019Etat, le d\u00e9cret n\u00b02020-1545 du 9 d\u00e9cembre 2020, publi\u00e9 au Journal officiel du 10 d\u00e9cembre, organise la cr\u00e9ation d\u2019un nouveau service d\u00e9concentr\u00e9 de l\u2019\u00c9tat, les directions r\u00e9gionales de l\u2019\u00e9conomie, de l\u2019emploi, du travail et des solidarit\u00e9s (DREETS).<\/span><\/p>\n<p class=\"ql-align-justify\"><\/p>\n<p class=\"ql-align-justify\"><span style=\"color: rgb(0, 0, 0);\">Les DREETS h\u00e9riteront des missions actuellement exerc\u00e9es au niveau r\u00e9gional par les directions r\u00e9gionales des entreprises, de la concurrence, de la consommation, du travail et de l\u2019emploi (DIRECCTE) et les services d\u00e9concentr\u00e9s charg\u00e9s de la coh\u00e9sion sociale.<\/span><\/p>\n<p class=\"ql-align-justify\"><\/p>\n<p class=\"ql-align-justify\"><span style=\"color: rgb(0, 0, 0);\">Au niveau d\u00e9partemental, les DREETS seront second\u00e9es par deux entit\u00e9s\u00a0:<\/span><\/p>\n<p class=\"ql-align-justify\"><\/p>\n<p class=\"ql-align-justify\"><span style=\"color: rgb(0, 0, 0);\">&#8211;\u00a0\u00a0\u00a0\u00a0\u00a0\u00a0les directions d\u00e9partementales de l\u2019emploi, du travail et des solidarit\u00e9s (DDETS),<\/span><\/p>\n<p class=\"ql-align-justify\"><span style=\"color: rgb(0, 0, 0);\">\u00a0<\/span><\/p>\n<p class=\"ql-align-justify\"><span style=\"color: rgb(0, 0, 0);\">&#8211;\u00a0\u00a0\u00a0\u00a0\u00a0\u00a0les directions d\u00e9partementales de l\u2019emploi, du travail, des solidarit\u00e9s et de la protection des populations (DEETS-PP).<\/span><\/p>\n<p><span style=\"color: rgb(0, 0, 0);\">\u00a0<\/span>\u00a0<\/p>\n<p class=\"ql-align-justify\"><a href=\"https:\/\/www.legifrance.gouv.fr\/jorf\/id\/JORFTEXT000042636412\" target=\"_blank\" rel=\"noopener\">https:\/\/www.legifrance.gouv.fr\/jorf\/id\/JORFTEXT000042636412<\/a><\/p>\n<p><\/p>\n","protected":false},"excerpt":{"rendered":"<p>Dans le cadre de la r\u00e9forme de l\u2019organisation territoriale de l\u2019Etat, le d\u00e9cret n\u00b02020-1545 du 9 d\u00e9cembre 2020, publi\u00e9 au Journal officiel du 10 d\u00e9cembre, organise la cr\u00e9ation d\u2019un nouveau service d\u00e9concentr\u00e9 de l\u2019\u00c9tat, les directions r\u00e9gionales de l\u2019\u00e9conomie, de l\u2019emploi, du travail et des solidarit\u00e9s (DREETS).<\/p>\n","protected":false},"author":3,"featured_media":19576,"comment_status":"open","ping_status":"open","sticky":false,"template":"","format":"standard","meta":{"_acf_changed":false,"_seopress_titles_title":"","_seopress_titles_desc":"","_seopress_robots_index":"","_seopress_robots_follow":"","_seopress_robots_imageindex":"","_seopress_robots_snippet":"","_seopress_robots_primary_cat":"","_seopress_robots_breadcrumbs":"","_seopress_robots_freeze_modified_date":"","_seopress_robots_custom_modified_date":"","_seopress_robots_canonical":"","_seopress_social_fb_title":"","_seopress_social_fb_desc":"","_seopress_social_fb_img":"","_seopress_social_fb_img_attachment_id":0,"_seopress_social_fb_img_width":0,"_seopress_social_fb_img_height":0,"_seopress_social_twitter_title":"","_seopress_social_twitter_desc":"","_seopress_social_twitter_img":"","_seopress_social_twitter_img_attachment_id":0,"_seopress_social_twitter_img_width":0,"_seopress_social_twitter_img_height":0,"_seopress_redirections_value":"","_seopress_redirections_enabled":"","_seopress_redirections_enabled_regex":"","_seopress_redirections_logged_status":"","_seopress_redirections_param":"","_seopress_redirections_type":0,"_seopress_analysis_target_kw":"","_seopress_news_disabled":"","_seopress_video_disabled":"","_seopress_video":[],"_seopress_pro_schemas_manual":[],"_seopress_pro_rich_snippets_disable_all":"","_seopress_pro_rich_snippets_disable":[],"_seopress_pro_schemas":[],"footnotes":""},"categories":[31],"tags":[],"class_list":["post-19578","post","type-post","status-publish","format-standard","has-post-thumbnail","hentry","category-actualites-en-droit-social"],"acf":[],"_links":{"self":[{"href":"https:\/\/www.voltaire-avocats.com\/fr\/wp-json\/wp\/v2\/posts\/19578","targetHints":{"allow":["GET"]}}],"collection":[{"href":"https:\/\/www.voltaire-avocats.com\/fr\/wp-json\/wp\/v2\/posts"}],"about":[{"href":"https:\/\/www.voltaire-avocats.com\/fr\/wp-json\/wp\/v2\/types\/post"}],"author":[{"embeddable":true,"href":"https:\/\/www.voltaire-avocats.com\/fr\/wp-json\/wp\/v2\/users\/3"}],"replies":[{"embeddable":true,"href":"https:\/\/www.voltaire-avocats.com\/fr\/wp-json\/wp\/v2\/comments?post=19578"}],"version-history":[{"count":0,"href":"https:\/\/www.voltaire-avocats.com\/fr\/wp-json\/wp\/v2\/posts\/19578\/revisions"}],"wp:featuredmedia":[{"embeddable":true,"href":"https:\/\/www.voltaire-avocats.com\/fr\/wp-json\/wp\/v2\/media\/19576"}],"wp:attachment":[{"href":"https:\/\/www.voltaire-avocats.com\/fr\/wp-json\/wp\/v2\/media?parent=19578"}],"wp:term":[{"taxonomy":"category","embeddable":true,"href":"https:\/\/www.voltaire-avocats.com\/fr\/wp-json\/wp\/v2\/categories?post=19578"},{"taxonomy":"post_tag","embeddable":true,"href":"https:\/\/www.voltaire-avocats.com\/fr\/wp-json\/wp\/v2\/tags?post=19578"}],"curies":[{"name":"wp","href":"https:\/\/api.w.org\/{rel}","templated":true}]}}