{"id":19632,"date":"2021-01-08T10:03:12","date_gmt":"2021-01-08T09:03:12","guid":{"rendered":"https:\/\/www.voltaire-avocats.com\/covid-19-des-changements-annonces-pour-les-arrets-pour-maladie\/"},"modified":"2022-09-19T14:48:50","modified_gmt":"2022-09-19T12:48:50","slug":"covid-19-des-changements-annonces-pour-les-arrets-pour-maladie","status":"publish","type":"post","link":"https:\/\/www.voltaire-avocats.com\/fr\/covid-19-des-changements-annonces-pour-les-arrets-pour-maladie\/","title":{"rendered":"Covid 19 : des changements annonc\u00e9s pour les arr\u00eats pour maladie"},"content":{"rendered":"<p><span style=\"color: rgb(51, 51, 51);\">Afin de limiter la propagation de l\u2019\u00e9pid\u00e9mie de Covid-19, le Gouvernement a mis en place des modalit\u00e9s d\u00e9rogatoires d\u2019indemnisation par la s\u00e9curit\u00e9 sociale des arr\u00eats de travail octroy\u00e9s exceptionnellement \u00e0 certains assur\u00e9s n\u2019ayant pas d\u00e9clar\u00e9 de maladie. Ce dispositif, introduit par le d\u00e9cret\u00a0<\/span><a href=\"https:\/\/www.legifrance.gouv.fr\/loda\/id\/LEGIARTI000042523690\/2020-11-18\/?isSuggest=true\" target=\"_blank\" style=\"color: rgb(51, 51, 51);\" rel=\"noopener\">2020-73 du 31 janvier 2020<\/a><span style=\"color: rgb(51, 51, 51);\">, modifi\u00e9 \u00e0 plusieurs reprises, a, en principe, pris fin le 31 d\u00e9cembre 2020 conform\u00e9ment au d\u00e9cret 2020-73 du 14 novembre 2020.<\/span><\/p>\n<p><\/p>\n<p><span style=\"color: rgb(51, 51, 51);\">Dans son allocution du 7 janvier dernier, le Premier Ministre, Monsieur Jean Castex, en a annonc\u00e9 la prolongation.\u00a0<\/span><\/p>\n<p><span style=\"color: rgb(51, 51, 51);\">\u00a0<\/span><\/p>\n<p><span style=\"color: rgb(51, 51, 51);\">Le Premier Ministre a ainsi indiqu\u00e9 qu\u2019\u00a0\u00ab\u00a0<\/span><em style=\"color: rgb(51, 51, 51);\">\u00e0 partir du 10 janvier, d\u00e8s que vous avez des sympt\u00f4mes ou que vous \u00eates cas contact, il vous suffira de vous inscrire sur le site de l\u2019assurance maladie pour obtenir un arr\u00eat de travail imm\u00e9diat, indemnis\u00e9 et sans jour de carence<\/em><span style=\"color: rgb(51, 51, 51);\">\u00a0\u00bb. L\u2019Assurance maladie devrait ensuite proc\u00e9der \u00e0 un suivi syst\u00e9matique avec 2 \u00e0 3 appels t\u00e9l\u00e9phoniques pendant une p\u00e9riode de sept jours. <\/span><\/p>\n<p><span style=\"color: rgb(51, 51, 51);\">\u00a0<\/span><\/p>\n<p><span style=\"color: rgb(51, 51, 51);\">Un d\u00e9cret sur la question devrait donc \u00eatre publi\u00e9 dans les prochains jours. Au-del\u00e0 de la p\u00e9riode d\u2019application du dispositif, celui-ci devrait pr\u00e9ciser les r\u00e8gles applicables, relatives aux assur\u00e9s concern\u00e9s, aux conditions d\u00e9rogatoires d\u2019octroi des IJSS et aux modalit\u00e9s permettant de b\u00e9n\u00e9ficier de l\u2019arr\u00eat de travail d\u00e9rogatoire. <\/span><\/p>\n<p><span style=\"color: rgb(51, 51, 51);\">\u00a0<\/span><\/p>\n","protected":false},"excerpt":{"rendered":"<p>Covid 19 : des changements annonc\u00e9s pour les arr\u00eats pour maladie<\/p>\n","protected":false},"author":3,"featured_media":19630,"comment_status":"open","ping_status":"open","sticky":false,"template":"","format":"standard","meta":{"_acf_changed":false,"_seopress_robots_primary_cat":"","_seopress_titles_title":"","_seopress_titles_desc":"","_seopress_robots_index":"","footnotes":""},"categories":[31],"tags":[],"class_list":["post-19632","post","type-post","status-publish","format-standard","has-post-thumbnail","hentry","category-actualites-en-droit-social"],"acf":[],"_links":{"self":[{"href":"https:\/\/www.voltaire-avocats.com\/fr\/wp-json\/wp\/v2\/posts\/19632","targetHints":{"allow":["GET"]}}],"collection":[{"href":"https:\/\/www.voltaire-avocats.com\/fr\/wp-json\/wp\/v2\/posts"}],"about":[{"href":"https:\/\/www.voltaire-avocats.com\/fr\/wp-json\/wp\/v2\/types\/post"}],"author":[{"embeddable":true,"href":"https:\/\/www.voltaire-avocats.com\/fr\/wp-json\/wp\/v2\/users\/3"}],"replies":[{"embeddable":true,"href":"https:\/\/www.voltaire-avocats.com\/fr\/wp-json\/wp\/v2\/comments?post=19632"}],"version-history":[{"count":0,"href":"https:\/\/www.voltaire-avocats.com\/fr\/wp-json\/wp\/v2\/posts\/19632\/revisions"}],"wp:featuredmedia":[{"embeddable":true,"href":"https:\/\/www.voltaire-avocats.com\/fr\/wp-json\/wp\/v2\/media\/19630"}],"wp:attachment":[{"href":"https:\/\/www.voltaire-avocats.com\/fr\/wp-json\/wp\/v2\/media?parent=19632"}],"wp:term":[{"taxonomy":"category","embeddable":true,"href":"https:\/\/www.voltaire-avocats.com\/fr\/wp-json\/wp\/v2\/categories?post=19632"},{"taxonomy":"post_tag","embeddable":true,"href":"https:\/\/www.voltaire-avocats.com\/fr\/wp-json\/wp\/v2\/tags?post=19632"}],"curies":[{"name":"wp","href":"https:\/\/api.w.org\/{rel}","templated":true}]}}