{"id":19656,"date":"2021-01-26T08:02:29","date_gmt":"2021-01-26T07:02:29","guid":{"rendered":"https:\/\/www.voltaire-avocats.com\/services-de-sante-au-travail-publication-dun-decret-fixant-les-conditions-de-report-de-certaines-visites-medicales\/"},"modified":"2022-09-19T14:48:52","modified_gmt":"2022-09-19T12:48:52","slug":"services-de-sante-au-travail-publication-dun-decret-fixant-les-conditions-de-report-de-certaines-visites-medicales","status":"publish","type":"post","link":"https:\/\/www.voltaire-avocats.com\/fr\/services-de-sante-au-travail-publication-dun-decret-fixant-les-conditions-de-report-de-certaines-visites-medicales\/","title":{"rendered":"Services de sant\u00e9 au travail : publication d\u2019un d\u00e9cret fixant les conditions de report de certaines visites m\u00e9dicales"},"content":{"rendered":"<p class=\"ql-align-justify\"><span style=\"color: rgb(0, 0, 0);\">Pris pour l&rsquo;application de l&rsquo;ordonnance n\u00b0 2020-1502 du 2 d\u00e9cembre 2020 adaptant les conditions d&rsquo;exercice des missions des services de sant\u00e9 au travail \u00e0 l&rsquo;urgence sanitaire, un d\u00e9cret n\u00b02021-56 du 22 janvier 2021 adaptant temporairement les d\u00e9lais de r\u00e9alisation des visites et examens m\u00e9dicaux par les services de sant\u00e9 au travail \u00e0 l&rsquo;urgence sanitaire a \u00e9t\u00e9 publi\u00e9 au Journal Officiel du 24 janvier 2021.<\/span><\/p>\n<p class=\"ql-align-justify\"><\/p>\n<p class=\"ql-align-justify\"><span style=\"color: rgb(0, 0, 0);\">Ce d\u00e9cret pr\u00e9cise les conditions dans lesquelles les services de sant\u00e9 au travail peuvent reporter certaines visites m\u00e9dicales et examens m\u00e9dicaux dont l&rsquo;\u00e9ch\u00e9ance, r\u00e9sultant des textes r\u00e9glementaires en vigueur, intervient jusqu&rsquo;au 16 avril 2021 dans le cadre du suivi individuel de l&rsquo;\u00e9tat de sant\u00e9.<\/span><\/p>\n<p class=\"ql-align-justify\"><\/p>\n<p class=\"ql-align-justify\"><span style=\"color: rgb(0, 0, 0);\">Les visites m\u00e9dicales peuvent d\u00e9sormais \u00eatre report\u00e9es dans la limite d&rsquo;un an apr\u00e8s l&rsquo;\u00e9ch\u00e9ance pr\u00e9vue par les textes.<\/span><\/p>\n<p class=\"ql-align-justify\"><\/p>\n<p class=\"ql-align-justify\"><span style=\"color: rgb(0, 0, 0);\">En revanche, ne pourront pas \u00eatre report\u00e9es certaines visites m\u00e9dicales de salari\u00e9s b\u00e9n\u00e9ficiant d&rsquo;un suivi sp\u00e9cifique en raison de leur affectation sur certains postes ou d&rsquo;un suivi individuel adapt\u00e9 en raison de leur vuln\u00e9rabilit\u00e9.<\/span><\/p>\n<p class=\"ql-align-justify\"><\/p>\n<p class=\"ql-align-justify\"><span style=\"color: rgb(0, 0, 0);\">En outre, des r\u00e8gles sp\u00e9cifiques sont fix\u00e9es pour les visites de reprise et de pr\u00e9-reprise, qui ne peuvent \u00eatre report\u00e9es en raison de leur importance pour le maintien en emploi des travailleurs, mais peuvent \u00eatre d\u00e9l\u00e9gu\u00e9es aux infirmiers en sant\u00e9 au travail selon des modalit\u00e9s pr\u00e9cis\u00e9ment encadr\u00e9es.<\/span><\/p>\n<p class=\"ql-align-justify\"><\/p>\n<p class=\"ql-align-justify\"><span style=\"color: rgb(0, 0, 0);\">Le d\u00e9cret pr\u00e9cise \u00e9galement les modalit\u00e9s selon lesquelles les employeurs et, lorsque le service de sant\u00e9 au travail dispose de leurs coordonn\u00e9es, les salari\u00e9s, seront inform\u00e9s du report des visites, le cas \u00e9ch\u00e9ant et de la date \u00e0 laquelle elles seront pr\u00e9vues.<\/span><\/p>\n<p class=\"ql-align-justify\"><\/p>\n<p class=\"ql-align-justify\"><strong style=\"color: rgb(0, 0, 0);\"><em>D\u00e9cret n\u00b0 2021-56 du 22 janvier 2021 adaptant temporairement les d\u00e9lais de r\u00e9alisation des visites et examens m\u00e9dicaux par les services de sant\u00e9 au travail \u00e0 l&rsquo;urgence sanitaire<\/em><\/strong><\/p>\n<p class=\"ql-align-justify\"><\/p>\n<p><a href=\"https:\/\/www.legifrance.gouv.fr\/jorf\/id\/JORFTEXT000043039848\" target=\"_blank\" rel=\"noopener\">https:\/\/www.legifrance.gouv.fr\/jorf\/id\/JORFTEXT000043039848<\/a><\/p>\n<p><\/p>\n","protected":false},"excerpt":{"rendered":"<p>Services de sant\u00e9 au travail\u00a0: publication d\u2019un d\u00e9cret fixant les conditions de report de certaines visites m\u00e9dicales<\/p>\n","protected":false},"author":3,"featured_media":19654,"comment_status":"open","ping_status":"open","sticky":false,"template":"","format":"standard","meta":{"_acf_changed":false,"_seopress_robots_primary_cat":"","_seopress_titles_title":"","_seopress_titles_desc":"","_seopress_robots_index":"","footnotes":""},"categories":[31],"tags":[],"class_list":["post-19656","post","type-post","status-publish","format-standard","has-post-thumbnail","hentry","category-actualites-en-droit-social"],"acf":[],"_links":{"self":[{"href":"https:\/\/www.voltaire-avocats.com\/fr\/wp-json\/wp\/v2\/posts\/19656","targetHints":{"allow":["GET"]}}],"collection":[{"href":"https:\/\/www.voltaire-avocats.com\/fr\/wp-json\/wp\/v2\/posts"}],"about":[{"href":"https:\/\/www.voltaire-avocats.com\/fr\/wp-json\/wp\/v2\/types\/post"}],"author":[{"embeddable":true,"href":"https:\/\/www.voltaire-avocats.com\/fr\/wp-json\/wp\/v2\/users\/3"}],"replies":[{"embeddable":true,"href":"https:\/\/www.voltaire-avocats.com\/fr\/wp-json\/wp\/v2\/comments?post=19656"}],"version-history":[{"count":0,"href":"https:\/\/www.voltaire-avocats.com\/fr\/wp-json\/wp\/v2\/posts\/19656\/revisions"}],"wp:featuredmedia":[{"embeddable":true,"href":"https:\/\/www.voltaire-avocats.com\/fr\/wp-json\/wp\/v2\/media\/19654"}],"wp:attachment":[{"href":"https:\/\/www.voltaire-avocats.com\/fr\/wp-json\/wp\/v2\/media?parent=19656"}],"wp:term":[{"taxonomy":"category","embeddable":true,"href":"https:\/\/www.voltaire-avocats.com\/fr\/wp-json\/wp\/v2\/categories?post=19656"},{"taxonomy":"post_tag","embeddable":true,"href":"https:\/\/www.voltaire-avocats.com\/fr\/wp-json\/wp\/v2\/tags?post=19656"}],"curies":[{"name":"wp","href":"https:\/\/api.w.org\/{rel}","templated":true}]}}