{"id":19668,"date":"2021-01-29T10:46:22","date_gmt":"2021-01-29T09:46:22","guid":{"rendered":"https:\/\/www.voltaire-avocats.com\/que-ne-ferait-on-pas-pour-un-perroquet-avec-ses-heures-de-delegation\/"},"modified":"2022-09-19T14:48:54","modified_gmt":"2022-09-19T12:48:54","slug":"que-ne-ferait-on-pas-pour-un-perroquet-avec-ses-heures-de-delegation","status":"publish","type":"post","link":"https:\/\/www.voltaire-avocats.com\/fr\/que-ne-ferait-on-pas-pour-un-perroquet-avec-ses-heures-de-delegation\/","title":{"rendered":"Que ne ferait-on pas pour un perroquet\u2026 avec ses heures de d\u00e9l\u00e9gation&#8230;"},"content":{"rendered":"<p><\/p>\n<p>La Cour de cassation, dans un arr\u00eat du 13 janvier dernier, a confirm\u00e9 une d\u00e9cision de juges du fond ayant d\u00e9bout\u00e9 un repr\u00e9sentant du personnel notamment de sa demande d\u2019annulation de la mise \u00e0 pied disciplinaire dont il avait fait l\u2019objet, apr\u00e8s avoir relev\u00e9\u00a0:<\/p>\n<p>\u00a0<\/p>\n<p><span style=\"color: rgb(60, 60, 60);\">\u00ab\u00a0<\/span><em style=\"color: rgb(60, 60, 60);\">(\u00a0\u2026) Appr\u00e9ciant souverainement la valeur et la port\u00e9e des \u00e9l\u00e9ments de fait et de preuve soumis \u00e0 son examen, la cour d&rsquo;appel, concernant le rappel \u00e0 l&rsquo;ordre, a constat\u00e9 que les heures de d\u00e9l\u00e9gation prises par le salari\u00e9 entre le 2 et 5 mars 2014 avaient fait l&rsquo;objet d&rsquo;un bon de d\u00e9l\u00e9gation du 18 mars 2014 et que des heures de d\u00e9l\u00e9gation prises sur un mandat avaient \u00e9t\u00e9 redistribu\u00e9es diff\u00e9remment par le salari\u00e9 dix jours plus tard. Elle a estim\u00e9 la sanction proportionn\u00e9e aux griefs retenus d&rsquo;information tardive de l&#8217;employeur.<\/em><\/p>\n<p><\/p>\n<p><em> 6. Par ailleurs, <\/em><strong style=\"color: rgb(60, 60, 60);\"><em>concernant la mise \u00e0 pied, la cour d&rsquo;appel a, d&rsquo;une part, constat\u00e9 que le salari\u00e9 avait quitt\u00e9 l&rsquo;entreprise le 2 octobre 2014, \u00e0 15 heures, et qu&rsquo;\u00e0 son retour il avait d\u00e9clar\u00e9 5 heures 30 de d\u00e9l\u00e9gation correspondant \u00e0 son absence pour cette journ\u00e9e et a, d&rsquo;autre part, retenu que la concomitance entre l&rsquo;absence du salari\u00e9 le 2 octobre 2014 et le courriel, adress\u00e9 le m\u00eame jour \u00e0 la direction par son sup\u00e9rieur hi\u00e9rarchique expliquant que l<u>e salari\u00e9 avait indiqu\u00e9 devoir s&rsquo;absenter pr\u00e9cipitamment en raison de la fuite de son perroquet hors de la cage<\/u>, suffit \u00e0 rapporter la preuve du motif personnel de l&rsquo;absence du salari\u00e9. Elle a estim\u00e9 la sanction proportionn\u00e9e \u00e0 l&rsquo;abandon de poste ainsi retenu<\/em><\/strong><em style=\"color: rgb(60, 60, 60);\">.<\/em><\/p>\n<p><\/p>\n<p><strong style=\"color: rgb(60, 60, 60);\"><em>7. La cour d&rsquo;appel a ainsi caract\u00e9ris\u00e9 l&rsquo;abus commis par le salari\u00e9 dans l&rsquo;exercice de son mandat et le manquement de celui-ci \u00e0 ses obligations professionnelles et a estim\u00e9, exer\u00e7ant les pouvoirs qu&rsquo;elle tient des articles L. 1333-1 et L. 1333-2 du code du travail, que les sanctions n&rsquo;\u00e9taient pas disproportionn\u00e9es au regard des faits reproch\u00e9s<\/em><\/strong><em style=\"color: rgb(60, 60, 60);\"> (\u2026)<\/em><span style=\"color: rgb(60, 60, 60);\">\u00a0\u00bb.<\/span><\/p>\n<p>\u00a0<\/p>\n<p><span style=\"color: rgb(32, 33, 36);\">Pourtant, comme dit Monsieur Pierre P., \u00ab\u00a0o<\/span><em style=\"color: rgb(32, 33, 36);\">uvrez ouvrez la cage aux oiseaux<\/em><em>, Regardez-les s&rsquo;envoler c&rsquo;est beau<\/em>\u00a0\u00bb!<\/p>\n<p>\u00a0<\/p>\n<p>Tr\u00e8s bon (et dernier?) we non confin\u00e9.<\/p>\n<p><\/p>\n<p><a href=\"https:\/\/www.legifrance.gouv.fr\/juri\/id\/JURITEXT000043046073?tab_selection=all&#038;searchField=ALL&#038;query=13+janvier+2021%2C+n%C2%B019-20-781&#038;page=1&#038;init=true\" target=\"_blank\" rel=\"noopener\">https:\/\/www.legifrance.gouv.fr\/juri\/id\/JURITEXT000043046073?tab_selection=all&#038;searchField=ALL&#038;query=13+janvier+2021%2C+n%C2%B019-20-781&#038;page=1&#038;init=true<\/a><\/p>\n","protected":false},"excerpt":{"rendered":"<p>Que ne ferait-on pas pour un perroquet\u2026 avec ses heures de d\u00e9l\u00e9gation&#8230;\u00a0<\/p>\n","protected":false},"author":3,"featured_media":19666,"comment_status":"open","ping_status":"open","sticky":false,"template":"","format":"standard","meta":{"_acf_changed":false,"_seopress_robots_primary_cat":"","_seopress_titles_title":"","_seopress_titles_desc":"","_seopress_robots_index":"","footnotes":""},"categories":[31],"tags":[],"class_list":["post-19668","post","type-post","status-publish","format-standard","has-post-thumbnail","hentry","category-actualites-en-droit-social"],"acf":[],"_links":{"self":[{"href":"https:\/\/www.voltaire-avocats.com\/fr\/wp-json\/wp\/v2\/posts\/19668","targetHints":{"allow":["GET"]}}],"collection":[{"href":"https:\/\/www.voltaire-avocats.com\/fr\/wp-json\/wp\/v2\/posts"}],"about":[{"href":"https:\/\/www.voltaire-avocats.com\/fr\/wp-json\/wp\/v2\/types\/post"}],"author":[{"embeddable":true,"href":"https:\/\/www.voltaire-avocats.com\/fr\/wp-json\/wp\/v2\/users\/3"}],"replies":[{"embeddable":true,"href":"https:\/\/www.voltaire-avocats.com\/fr\/wp-json\/wp\/v2\/comments?post=19668"}],"version-history":[{"count":0,"href":"https:\/\/www.voltaire-avocats.com\/fr\/wp-json\/wp\/v2\/posts\/19668\/revisions"}],"wp:featuredmedia":[{"embeddable":true,"href":"https:\/\/www.voltaire-avocats.com\/fr\/wp-json\/wp\/v2\/media\/19666"}],"wp:attachment":[{"href":"https:\/\/www.voltaire-avocats.com\/fr\/wp-json\/wp\/v2\/media?parent=19668"}],"wp:term":[{"taxonomy":"category","embeddable":true,"href":"https:\/\/www.voltaire-avocats.com\/fr\/wp-json\/wp\/v2\/categories?post=19668"},{"taxonomy":"post_tag","embeddable":true,"href":"https:\/\/www.voltaire-avocats.com\/fr\/wp-json\/wp\/v2\/tags?post=19668"}],"curies":[{"name":"wp","href":"https:\/\/api.w.org\/{rel}","templated":true}]}}