{"id":19822,"date":"2021-04-19T14:31:57","date_gmt":"2021-04-19T12:31:57","guid":{"rendered":"https:\/\/www.voltaire-avocats.com\/diffusion-des-tracts-et-communications-syndicales-le-tribunal-judiciaire-de-paris-effectue-une-application-stricte-des-dispositions-legales\/"},"modified":"2022-09-19T14:49:13","modified_gmt":"2022-09-19T12:49:13","slug":"diffusion-des-tracts-et-communications-syndicales-le-tribunal-judiciaire-de-paris-effectue-une-application-stricte-des-dispositions-legales","status":"publish","type":"post","link":"https:\/\/www.voltaire-avocats.com\/fr\/diffusion-des-tracts-et-communications-syndicales-le-tribunal-judiciaire-de-paris-effectue-une-application-stricte-des-dispositions-legales\/","title":{"rendered":"Diffusion des tracts et communications syndicales : le Tribunal Judiciaire de Paris effectue une application stricte des dispositions l\u00e9gales"},"content":{"rendered":"<p class=\"ql-align-justify\">Diffusion des tracts et communications syndicales\u00a0: le Tribunal Judiciaire de Paris effectue une application stricte des dispositions l\u00e9gales, y compris en p\u00e9riode de Covid<\/p>\n<p class=\"ql-align-justify\">\u00a0<\/p>\n<p class=\"ql-align-justify\">Dans l\u2019esp\u00e8ce ayant donn\u00e9 lieu \u00e0 l\u2019ordonnance de r\u00e9f\u00e9r\u00e9 rendue le 16 avril 2021 par le Tribunal Judiciaire de Paris, l\u2019employeur demandait \u00e0 ce Tribunal d\u2019interdire \u00e0 2 organisations syndicales de diffuser des tracts et communications syndicales par le canal de la messagerie tant professionnelle que personnelle des salari\u00e9s de l\u2019entreprise. L\u2019employeur mettait en exergue que ces organisations syndicales ne pouvaient diffuser des tracts et communications syndicales en dehors des cas pr\u00e9vus par la loi, \u00e0 savoir par l\u2019interm\u00e9diaire du tableau d\u2019affichage pr\u00e9vu \u00e0 cet effet, par le biais de l\u2019intranet ou aux heures d\u2019entr\u00e9e et de sortie du travail.<\/p>\n<p class=\"ql-align-justify\">\u00a0<\/p>\n<p class=\"ql-align-justify\">Pour leur part, les organisations syndicales consid\u00e9raient que la diffusion de leurs communications syndicales par le canal \u00e9lectronique \u00e9tait rendu n\u00e9cessaire, eu \u00e9gard \u00e0 la situation sanitaire et le nombre de salari\u00e9s en t\u00e9l\u00e9travail\u00a0; qu\u2019une interdiction reviendrait \u00e0 remettre en cause leur libert\u00e9 d\u2019expression et constituerait un d\u00e9lit d\u2019entrave.<\/p>\n<p class=\"ql-align-justify\">\u00a0<\/p>\n<p class=\"ql-align-justify\">Par ordonnance de r\u00e9f\u00e9r\u00e9 du 16 avril 2021, le Tribunal Judiciaire de Paris a fait droit \u00e0 la demande de l\u2019employeur en ordonnant aux organisations syndicales de cesser la diffusion des tracts et communications syndicales sur les messageries professionnelles et personnes des salari\u00e9s, ce sous astreinte de 500 euros par jour et par infraction constat\u00e9e.<\/p>\n<p class=\"ql-align-justify\">\u00a0<\/p>\n<p class=\"ql-align-justify\">Le Tribunal effectue une interpr\u00e9tation stricte des dispositions l\u00e9gales, qui, aux termes des articles L. 2142-3 et L.2142-4 du code du travail, limitent la diffusion des tracts et communications syndicales \u00e0 un affichage sur le tableau pr\u00e9vu \u00e0 cet effet, ou le cas \u00e9ch\u00e9ant, sur l\u2019intranet de l\u2019entreprise d\u00e9di\u00e9, ainsi que de la possibilit\u00e9 de diffuser ces tracts aux heures d\u2019entr\u00e9e et de sortie du personnel. Le Tribunal rappelle n\u00e9anmoins que les partenaires sociaux conservent la possibilit\u00e9 de conclure un accord d\u2019entreprise, au sens de l\u2019article L. 2142-6 du code du travail, permettant de d\u00e9terminer les modalit\u00e9s et conditions de diffusion des tracts et communications syndicales, accord qui n\u2019existait pas dans le cas d\u2019esp\u00e8ce.<\/p>\n<p class=\"ql-align-justify\">\u00a0<\/p>\n<p class=\"ql-align-justify\">Le Tribunal consid\u00e8re donc qu\u2019en l\u2019absence d\u2019accord, les organisations syndicales ne peuvent d\u00e9roger aux r\u00e8gles l\u00e9gales relatives aux communications syndicales, y compris dans le contexte sanitaire actuel o\u00f9 de nombreux salari\u00e9s sont en t\u00e9l\u00e9travail.<\/p>\n<p class=\"ql-align-justify\">\u00a0<\/p>\n<p class=\"ql-align-justify\">Enfin, l\u2019ordonnance pr\u00e9cise que, m\u00eame en pr\u00e9sence d\u2019un accord d\u2019entreprise sur cette th\u00e9matique, les organisations syndicales ne peuvent adresser leurs communications syndicales sur la messagerie personnelle des salari\u00e9s, y compris en cas d\u2019acquiescement des salari\u00e9s.\u00a0<\/p>\n<p><\/p>\n","protected":false},"excerpt":{"rendered":"<p>Diffusion des tracts et communications syndicales&nbsp;: le Tribunal Judiciaire de Paris effectue une application stricte des dispositions l\u00e9gales, y compris en p\u00e9riode de Covid<\/p>\n","protected":false},"author":3,"featured_media":19820,"comment_status":"open","ping_status":"open","sticky":false,"template":"","format":"standard","meta":{"_acf_changed":false,"_seopress_robots_primary_cat":"","_seopress_titles_title":"","_seopress_titles_desc":"","_seopress_robots_index":"","footnotes":""},"categories":[31],"tags":[],"class_list":["post-19822","post","type-post","status-publish","format-standard","has-post-thumbnail","hentry","category-actualites-en-droit-social"],"acf":[],"_links":{"self":[{"href":"https:\/\/www.voltaire-avocats.com\/fr\/wp-json\/wp\/v2\/posts\/19822","targetHints":{"allow":["GET"]}}],"collection":[{"href":"https:\/\/www.voltaire-avocats.com\/fr\/wp-json\/wp\/v2\/posts"}],"about":[{"href":"https:\/\/www.voltaire-avocats.com\/fr\/wp-json\/wp\/v2\/types\/post"}],"author":[{"embeddable":true,"href":"https:\/\/www.voltaire-avocats.com\/fr\/wp-json\/wp\/v2\/users\/3"}],"replies":[{"embeddable":true,"href":"https:\/\/www.voltaire-avocats.com\/fr\/wp-json\/wp\/v2\/comments?post=19822"}],"version-history":[{"count":0,"href":"https:\/\/www.voltaire-avocats.com\/fr\/wp-json\/wp\/v2\/posts\/19822\/revisions"}],"wp:featuredmedia":[{"embeddable":true,"href":"https:\/\/www.voltaire-avocats.com\/fr\/wp-json\/wp\/v2\/media\/19820"}],"wp:attachment":[{"href":"https:\/\/www.voltaire-avocats.com\/fr\/wp-json\/wp\/v2\/media?parent=19822"}],"wp:term":[{"taxonomy":"category","embeddable":true,"href":"https:\/\/www.voltaire-avocats.com\/fr\/wp-json\/wp\/v2\/categories?post=19822"},{"taxonomy":"post_tag","embeddable":true,"href":"https:\/\/www.voltaire-avocats.com\/fr\/wp-json\/wp\/v2\/tags?post=19822"}],"curies":[{"name":"wp","href":"https:\/\/api.w.org\/{rel}","templated":true}]}}