{"id":20177,"date":"2021-11-23T09:37:40","date_gmt":"2021-11-23T08:37:40","guid":{"rendered":"https:\/\/www.voltaire-avocats.com\/allaitement-sur-le-lieu-de-travail-la-cour-de-cassation-propose-de-modifier-le-code-du-travail\/"},"modified":"2022-09-19T14:49:55","modified_gmt":"2022-09-19T12:49:55","slug":"allaitement-sur-le-lieu-de-travail-la-cour-de-cassation-propose-de-modifier-le-code-du-travail","status":"publish","type":"post","link":"https:\/\/www.voltaire-avocats.com\/fr\/allaitement-sur-le-lieu-de-travail-la-cour-de-cassation-propose-de-modifier-le-code-du-travail\/","title":{"rendered":"Allaitement sur le lieu de travail : la Cour de cassation propose de modifier le Code du travail"},"content":{"rendered":"<p>La Cour de cassation vient de rendre public son rapport d\u2019activit\u00e9 au titre de l\u2019ann\u00e9e 2020.<\/p>\n<p><\/p>\n<p>Comme chaque ann\u00e9e, ce rapport comporte des suggestions de modifications l\u00e9gislatives ou r\u00e8glementaires.<\/p>\n<p><\/p>\n<p>En mati\u00e8re sociale, l\u2019une de ces suggestions concerne les dispositions du Code du travail relatives \u00e0 l\u2019allaitement d\u2019un enfant sur le lieu de travail.<\/p>\n<p><\/p>\n<p>La Cour de cassation rappelle ainsi que la partie l\u00e9gislative du Code du travail comprend actuellement 4 articles relatifs \u00e0 cette question\u00a0:<\/p>\n<p><\/p>\n<p>Article L. 1225-30. \u2013 \u00ab\u00a0<em>Pendant une ann\u00e9e \u00e0 compter du jour de la naissance, la salari\u00e9e allaitant son enfant dispose \u00e0 cet effet d\u2019une heure par jour durant les heures de travail\u00a0\u00bb.<\/em><\/p>\n<p><\/p>\n<p>Article L. 1225-31. \u2013 \u00ab\u00a0<em>La salari\u00e9e peut allaiter son enfant dans l\u2019\u00e9tablissement<\/em>\u00a0\u00bb.<\/p>\n<p><\/p>\n<p>Article L. 1225-32. \u2013 \u00ab\u00a0<em>Tout employeur employant plus de cent salari\u00e9es peut \u00eatre mis en demeure d\u2019installer dans son \u00e9tablissement ou \u00e0 proximit\u00e9 des locaux d\u00e9di\u00e9s \u00e0 l\u2019allaitement<\/em>\u00a0\u00bb.<\/p>\n<p><\/p>\n<p>Article L. 1225-33. \u2013 \u00ab\u00a0<em>Un d\u00e9cret en Conseil d\u2019\u00c9tat d\u00e9termine, suivant l\u2019importance et la nature des \u00e9tablissements, les conditions d\u2019application de la pr\u00e9sente sous-section<\/em>\u00a0\u00bb.<\/p>\n<p><\/p>\n<p>Les articles R. 4152-13 \u00e0 R. 4152-28, dans la partie r\u00e8glementaire, sont quant \u00e0 eux relatifs au local d\u2019allaitement devant \u00eatre mis \u00e0 disposition par l\u2019employeur.<\/p>\n<p><\/p>\n<p>Ces dispositions sont issues d\u2019une loi du 5 ao\u00fbt 1917, et n\u2019ont pas \u00e9t\u00e9 modifi\u00e9es.<\/p>\n<p><\/p>\n<p>La Haute Juridiction souligne qu\u2019alors que \u00ab\u00a0<em>la question de l\u2019allaitement au travail n\u2019est en rien obsol\u00e8te et la possibilit\u00e9 de concilier allaitement et travail s\u2019inscrit aujourd\u2019hui dans l\u2019objectif recherch\u00e9 d\u2019une \u00e9galit\u00e9 professionnelle entre les femmes et les hommes\u00a0\u00bb<\/em>, ces dispositions ne sont plus adapt\u00e9es, et sont susceptibles de poser des difficult\u00e9s d\u2019application.<\/p>\n<p><\/p>\n<p>Notamment\u00a0:<\/p>\n<p><\/p>\n<ul>\n<li>Les dispositions de l\u2019article L. 1225-32 du Code du travail ne r\u00e8glent pas la question des modalit\u00e9s de l\u2019allaitement d\u2019un enfant sur le lieu de travail dans les entreprises de moins de 100 salari\u00e9s\u00a0;<\/li>\n<li>Les articles R. 4152-13 \u00e0 R. 4152-28 du Code du travail comportent des dispositions contradictoires.<\/li>\n<\/ul>\n<p><\/p>\n<p>La Cour de cassation sugg\u00e8re donc l\u2019abrogation des articles L. 1225-32 et R. 4152-13 \u00e0 R. 4152-28 du Code du travail, et l\u2019adoption de dispositions permettant \u00e0 toute femme qui le souhaite de pouvoir allaiter son enfant dans un local d\u00e9di\u00e9.<\/p>\n<p><\/p>\n<p>Elle sugg\u00e8re \u00e9galement de profiter de cette r\u00e9vision pour assurer la conformit\u00e9 du droit fran\u00e7ais \u00e0 la Charte Sociale Europ\u00e9enne.<\/p>\n<p><\/p>\n<p>En effet, si le Code du travail pr\u00e9voit bien une pause pour allaiter, cette pause n\u2019est actuellement pas r\u00e9mun\u00e9r\u00e9e.<\/p>\n<p><\/p>\n<p>Or, le Comit\u00e9 Europ\u00e9en des droits sociaux consid\u00e8re que les pauses d\u2019allaitement \u00ab\u00a0<em>doivent en principe intervenir pendant le temps de travail et par cons\u00e9quent \u00eatre consid\u00e9r\u00e9es comme des heures de travail et r\u00e9mun\u00e9r\u00e9es comme telles\u00a0\u00bb. <\/em><\/p>\n<p><em>\u00a0<\/em><\/p>\n<p><a href=\"https:\/\/www.courdecassation.fr\/toutes-les-actualites\/2021\/11\/18\/rapport-annuel-2020\" target=\"_blank\" style=\"color: rgb(33, 37, 41); background-color: rgb(250, 250, 250);\" rel=\"noopener\">https:\/\/www.courdecassation.fr\/toutes-les-actualites\/2021\/11\/18\/rapport-annuel-2020<\/a><\/p>\n","protected":false},"excerpt":{"rendered":"<p>Allaitement sur le lieu de travail : la Cour de cassation propose de modifier le Code du travail<\/p>\n","protected":false},"author":3,"featured_media":20175,"comment_status":"open","ping_status":"open","sticky":false,"template":"","format":"standard","meta":{"_acf_changed":false,"_seopress_robots_primary_cat":"","_seopress_titles_title":"","_seopress_titles_desc":"","_seopress_robots_index":"","footnotes":""},"categories":[31],"tags":[],"class_list":["post-20177","post","type-post","status-publish","format-standard","has-post-thumbnail","hentry","category-actualites-en-droit-social"],"acf":[],"_links":{"self":[{"href":"https:\/\/www.voltaire-avocats.com\/fr\/wp-json\/wp\/v2\/posts\/20177","targetHints":{"allow":["GET"]}}],"collection":[{"href":"https:\/\/www.voltaire-avocats.com\/fr\/wp-json\/wp\/v2\/posts"}],"about":[{"href":"https:\/\/www.voltaire-avocats.com\/fr\/wp-json\/wp\/v2\/types\/post"}],"author":[{"embeddable":true,"href":"https:\/\/www.voltaire-avocats.com\/fr\/wp-json\/wp\/v2\/users\/3"}],"replies":[{"embeddable":true,"href":"https:\/\/www.voltaire-avocats.com\/fr\/wp-json\/wp\/v2\/comments?post=20177"}],"version-history":[{"count":0,"href":"https:\/\/www.voltaire-avocats.com\/fr\/wp-json\/wp\/v2\/posts\/20177\/revisions"}],"wp:featuredmedia":[{"embeddable":true,"href":"https:\/\/www.voltaire-avocats.com\/fr\/wp-json\/wp\/v2\/media\/20175"}],"wp:attachment":[{"href":"https:\/\/www.voltaire-avocats.com\/fr\/wp-json\/wp\/v2\/media?parent=20177"}],"wp:term":[{"taxonomy":"category","embeddable":true,"href":"https:\/\/www.voltaire-avocats.com\/fr\/wp-json\/wp\/v2\/categories?post=20177"},{"taxonomy":"post_tag","embeddable":true,"href":"https:\/\/www.voltaire-avocats.com\/fr\/wp-json\/wp\/v2\/tags?post=20177"}],"curies":[{"name":"wp","href":"https:\/\/api.w.org\/{rel}","templated":true}]}}