{"id":20249,"date":"2021-12-15T17:35:51","date_gmt":"2021-12-15T16:35:51","guid":{"rendered":"https:\/\/www.voltaire-avocats.com\/pour-la-cour-de-cassation-le-bareme-macron-est-applicable\/"},"modified":"2022-09-19T14:50:03","modified_gmt":"2022-09-19T12:50:03","slug":"pour-la-cour-de-cassation-le-bareme-macron-est-applicable","status":"publish","type":"post","link":"https:\/\/www.voltaire-avocats.com\/fr\/pour-la-cour-de-cassation-le-bareme-macron-est-applicable\/","title":{"rendered":"Pour la Cour de cassation, le bar\u00e8me \u00ab\u00a0Macron\u00a0\u00bb est applicable"},"content":{"rendered":"<p>Dans un arr\u00eat rendu ce jour, la Haute juridiction fait application du bar\u00e8me \u00ab\u00a0Macron\u00a0\u00bb:<\/p>\n<p>\u00a0<\/p>\n<p><span style=\"color: rgb(33, 37, 41); background-color: rgb(250, 250, 250);\">\u00ab\u00a0<\/span><em style=\"color: rgb(33, 37, 41); background-color: rgb(250, 250, 250);\">Vu l&rsquo;article L. 1235-3 du code du travail, dans sa r\u00e9daction issue de la loi n\u00b0 2018-217 du 29 mars 2018 :<\/em><\/p>\n<p><em style=\"color: rgb(33, 37, 41);\"><\/em><\/p>\n<p><em style=\"color: rgb(33, 37, 41);\"><\/em><em style=\"color: rgb(33, 37, 41); background-color: rgb(250, 250, 250);\">5. Selon ce texte, si le licenciement d&rsquo;un salari\u00e9 survient pour une cause qui n&rsquo;est pas r\u00e9elle et s\u00e9rieuse et si l&rsquo;une ou l&rsquo;autre des parties refuse la r\u00e9int\u00e9gration, le juge octroie au salari\u00e9 une indemnit\u00e9 \u00e0 la charge de l&#8217;employeur, dont le montant est compris entre des montants minimaux et maximaux exprim\u00e9s en mois de salaire brut.<\/em><\/p>\n<p><em style=\"color: rgb(33, 37, 41);\"><\/em><\/p>\n<p><em style=\"color: rgb(33, 37, 41);\"><\/em><em style=\"color: rgb(33, 37, 41); background-color: rgb(250, 250, 250);\">6. Pour condamner l&#8217;employeur \u00e0 payer au salari\u00e9 la somme nette de 63 364,20 euros \u00e0 titre de dommages-int\u00e9r\u00eats pour licenciement sans cause r\u00e9elle et s\u00e9rieuse, l&rsquo;arr\u00eat retient que compte tenu des circonstances de la rupture, du montant de la r\u00e9mun\u00e9ration vers\u00e9e au salari\u00e9 (3 168,21 euros par mois), de son \u00e2ge, de sa capacit\u00e9 \u00e0 trouver un nouvel emploi eu \u00e9gard \u00e0 sa formation et \u00e0 son exp\u00e9rience professionnelle, de son anciennet\u00e9 dans l&rsquo;entreprise et de l&rsquo;effectif de celle-ci, il y a lieu de fixer le pr\u00e9judice \u00e0 la somme nette de 63 364,20 euros en application des dispositions de l&rsquo;article L. 1235-3 du code du travail.<\/em><\/p>\n<p><em style=\"color: rgb(33, 37, 41);\"><\/em><\/p>\n<p><em style=\"color: rgb(33, 37, 41);\"><\/em><em style=\"color: rgb(33, 37, 41); background-color: rgb(250, 250, 250);\">7. En statuant ainsi, alors que le salari\u00e9 ne pouvait pr\u00e9tendre, au regard de son anciennet\u00e9 de vingt-neuf ans dans l&rsquo;entreprise et au montant de son salaire brut de 3 168,21 euros, qu&rsquo;\u00e0 une indemnit\u00e9 maximale de 63 364,20 euros brut, la cour d&rsquo;appel a viol\u00e9 le texte susvis\u00e9<\/em><span style=\"color: rgb(33, 37, 41); background-color: rgb(250, 250, 250);\">\u00a0\u00bb.<\/span><\/p>\n<p>\u00a0<\/p>\n<p>Fin probable des contestations \u00e0 ce titre.<\/p>\n<p><\/p>\n<p><a href=\"https:\/\/www.courdecassation.fr\/decision\/61b99380ef20f6a61afc3613?judilibre_chambre%5b%5d=soc&#038;previousdecisionpage=0&#038;previousdecisionindex=2&#038;nextdecisionpage=0&#038;nextdecisionindex=4\" target=\"_blank\" rel=\"noopener\">https:\/\/www.courdecassation.fr\/decision\/61b99380ef20f6a61afc3613?judilibre_chambre%5b%5d=soc&#038;previousdecisionpage=0&#038;previousdecisionindex=2&#038;nextdecisionpage=0&#038;nextdecisionindex=4<\/a><\/p>\n<p><\/p>\n","protected":false},"excerpt":{"rendered":"<p>Dans un arr\u00eat rendu ce jour, la Haute juridiction fait application du bar\u00e8me \u00ab\u00a0Macron\u00a0\u00bb: \u00a0 \u00ab\u00a0Vu l&rsquo;article L. 1235-3 du code du travail, dans sa r\u00e9daction issue de la loi n\u00b0 2018-217 du 29 mars 2018 : 5. Selon ce texte, si le licenciement d&rsquo;un salari\u00e9 survient pour une cause qui n&rsquo;est pas r\u00e9elle et [&hellip;]<\/p>\n","protected":false},"author":3,"featured_media":20247,"comment_status":"open","ping_status":"open","sticky":false,"template":"","format":"standard","meta":{"_acf_changed":false,"_seopress_titles_title":"","_seopress_titles_desc":"","_seopress_robots_index":"","_seopress_robots_follow":"","_seopress_robots_imageindex":"","_seopress_robots_snippet":"","_seopress_robots_primary_cat":"","_seopress_robots_breadcrumbs":"","_seopress_robots_freeze_modified_date":"","_seopress_robots_custom_modified_date":"","_seopress_robots_canonical":"","_seopress_social_fb_title":"","_seopress_social_fb_desc":"","_seopress_social_fb_img":"","_seopress_social_fb_img_attachment_id":0,"_seopress_social_fb_img_width":0,"_seopress_social_fb_img_height":0,"_seopress_social_twitter_title":"","_seopress_social_twitter_desc":"","_seopress_social_twitter_img":"","_seopress_social_twitter_img_attachment_id":0,"_seopress_social_twitter_img_width":0,"_seopress_social_twitter_img_height":0,"_seopress_redirections_value":"","_seopress_redirections_enabled":"","_seopress_redirections_enabled_regex":"","_seopress_redirections_logged_status":"","_seopress_redirections_param":"","_seopress_redirections_type":0,"_seopress_analysis_target_kw":"","_seopress_news_disabled":"","_seopress_video_disabled":"","_seopress_video":[],"_seopress_pro_schemas_manual":[],"_seopress_pro_rich_snippets_disable_all":"","_seopress_pro_rich_snippets_disable":[],"_seopress_pro_schemas":[],"footnotes":""},"categories":[31],"tags":[],"class_list":["post-20249","post","type-post","status-publish","format-standard","has-post-thumbnail","hentry","category-actualites-en-droit-social"],"acf":[],"_links":{"self":[{"href":"https:\/\/www.voltaire-avocats.com\/fr\/wp-json\/wp\/v2\/posts\/20249","targetHints":{"allow":["GET"]}}],"collection":[{"href":"https:\/\/www.voltaire-avocats.com\/fr\/wp-json\/wp\/v2\/posts"}],"about":[{"href":"https:\/\/www.voltaire-avocats.com\/fr\/wp-json\/wp\/v2\/types\/post"}],"author":[{"embeddable":true,"href":"https:\/\/www.voltaire-avocats.com\/fr\/wp-json\/wp\/v2\/users\/3"}],"replies":[{"embeddable":true,"href":"https:\/\/www.voltaire-avocats.com\/fr\/wp-json\/wp\/v2\/comments?post=20249"}],"version-history":[{"count":0,"href":"https:\/\/www.voltaire-avocats.com\/fr\/wp-json\/wp\/v2\/posts\/20249\/revisions"}],"wp:featuredmedia":[{"embeddable":true,"href":"https:\/\/www.voltaire-avocats.com\/fr\/wp-json\/wp\/v2\/media\/20247"}],"wp:attachment":[{"href":"https:\/\/www.voltaire-avocats.com\/fr\/wp-json\/wp\/v2\/media?parent=20249"}],"wp:term":[{"taxonomy":"category","embeddable":true,"href":"https:\/\/www.voltaire-avocats.com\/fr\/wp-json\/wp\/v2\/categories?post=20249"},{"taxonomy":"post_tag","embeddable":true,"href":"https:\/\/www.voltaire-avocats.com\/fr\/wp-json\/wp\/v2\/tags?post=20249"}],"curies":[{"name":"wp","href":"https:\/\/api.w.org\/{rel}","templated":true}]}}