{"id":20268,"date":"2021-12-26T11:01:23","date_gmt":"2021-12-26T10:01:23","guid":{"rendered":"https:\/\/www.voltaire-avocats.com\/promulgation-de-la-loi-visant-a-accelerer-legalite-economique-et-professionnelle\/"},"modified":"2022-09-19T14:50:06","modified_gmt":"2022-09-19T12:50:06","slug":"promulgation-de-la-loi-visant-a-accelerer-legalite-economique-et-professionnelle","status":"publish","type":"post","link":"https:\/\/www.voltaire-avocats.com\/fr\/promulgation-de-la-loi-visant-a-accelerer-legalite-economique-et-professionnelle\/","title":{"rendered":"Promulgation de la loi visant \u00e0 acc\u00e9l\u00e9rer l&rsquo;\u00e9galit\u00e9 \u00e9conomique et professionnelle"},"content":{"rendered":"<p>La loi visant \u00e0 acc\u00e9l\u00e9rer l&rsquo;\u00e9galit\u00e9 \u00e9conomique et professionnelle est publi\u00e9e au Journal Officiel de ce jour.<\/p>\n<p><\/p>\n<p>Pour le d\u00e9tail des mesures int\u00e9ressant les relations de travail, retrouvez notre actualit\u00e9 du 22 d\u00e9cembre dernier.<\/p>\n<p><\/p>\n<p><a href=\"https:\/\/www.legifrance.gouv.fr\/jorf\/id\/JORFTEXT000044559192\" target=\"_blank\" rel=\"noopener\">https:\/\/www.legifrance.gouv.fr\/jorf\/id\/JORFTEXT000044559192<\/a><\/p>\n<p><\/p>\n","protected":false},"excerpt":{"rendered":"<p>La loi visant \u00e0 acc\u00e9l\u00e9rer l&rsquo;\u00e9galit\u00e9 \u00e9conomique et professionnelle est publi\u00e9e au Journal Officiel de ce jour. Pour le d\u00e9tail des mesures int\u00e9ressant les relations de travail, retrouvez notre actualit\u00e9 du 22 d\u00e9cembre dernier. https:\/\/www.legifrance.gouv.fr\/jorf\/id\/JORFTEXT000044559192<\/p>\n","protected":false},"author":3,"featured_media":20266,"comment_status":"open","ping_status":"open","sticky":false,"template":"","format":"standard","meta":{"_acf_changed":false,"_seopress_robots_primary_cat":"","_seopress_titles_title":"","_seopress_titles_desc":"","_seopress_robots_index":"","footnotes":""},"categories":[31],"tags":[],"class_list":["post-20268","post","type-post","status-publish","format-standard","has-post-thumbnail","hentry","category-actualites-en-droit-social"],"acf":[],"_links":{"self":[{"href":"https:\/\/www.voltaire-avocats.com\/fr\/wp-json\/wp\/v2\/posts\/20268","targetHints":{"allow":["GET"]}}],"collection":[{"href":"https:\/\/www.voltaire-avocats.com\/fr\/wp-json\/wp\/v2\/posts"}],"about":[{"href":"https:\/\/www.voltaire-avocats.com\/fr\/wp-json\/wp\/v2\/types\/post"}],"author":[{"embeddable":true,"href":"https:\/\/www.voltaire-avocats.com\/fr\/wp-json\/wp\/v2\/users\/3"}],"replies":[{"embeddable":true,"href":"https:\/\/www.voltaire-avocats.com\/fr\/wp-json\/wp\/v2\/comments?post=20268"}],"version-history":[{"count":0,"href":"https:\/\/www.voltaire-avocats.com\/fr\/wp-json\/wp\/v2\/posts\/20268\/revisions"}],"wp:featuredmedia":[{"embeddable":true,"href":"https:\/\/www.voltaire-avocats.com\/fr\/wp-json\/wp\/v2\/media\/20266"}],"wp:attachment":[{"href":"https:\/\/www.voltaire-avocats.com\/fr\/wp-json\/wp\/v2\/media?parent=20268"}],"wp:term":[{"taxonomy":"category","embeddable":true,"href":"https:\/\/www.voltaire-avocats.com\/fr\/wp-json\/wp\/v2\/categories?post=20268"},{"taxonomy":"post_tag","embeddable":true,"href":"https:\/\/www.voltaire-avocats.com\/fr\/wp-json\/wp\/v2\/tags?post=20268"}],"curies":[{"name":"wp","href":"https:\/\/api.w.org\/{rel}","templated":true}]}}