{"id":20280,"date":"2022-01-04T10:38:57","date_gmt":"2022-01-04T09:38:57","guid":{"rendered":"https:\/\/www.voltaire-avocats.com\/savoir-gerer-les-alertes-professionnelles-et-les-enquetes-internes-une-nouvelle-formation-mggvoltaire\/"},"modified":"2022-09-19T14:50:07","modified_gmt":"2022-09-19T12:50:07","slug":"savoir-gerer-les-alertes-professionnelles-et-les-enquetes-internes-une-nouvelle-formation-mggvoltaire","status":"publish","type":"post","link":"https:\/\/www.voltaire-avocats.com\/fr\/savoir-gerer-les-alertes-professionnelles-et-les-enquetes-internes-une-nouvelle-formation-mggvoltaire\/","title":{"rendered":"Savoir g\u00e9rer les alertes professionnelles et les enqu\u00eates internes : une nouvelle formation MggVoltaire !"},"content":{"rendered":"<p class=\"ql-align-center\"><strong style=\"color: rgb(64, 64, 64);\"><em>Savoir g\u00e9rer les alertes professionnelles et les enqu\u00eates internes<\/em><\/strong><\/p>\n<p class=\"ql-align-center\"><strong style=\"color: rgb(64, 64, 64);\"><em>2 f\u00e9vrier 2022 (9h \u2013 12h30)<\/em><\/strong><\/p>\n<p class=\"ql-align-center\"><em style=\"color: rgb(64, 64, 64);\">&nbsp;<\/em><\/p>\n<p class=\"ql-align-center\"><span style=\"color: rgb(64, 64, 64);\">&nbsp;<\/span><\/p>\n<p class=\"ql-align-justify\"><span style=\"color: rgb(64, 64, 64);\">Nul ne peut ignorer que les alertes professionnelles se multiplient depuis quelques ann\u00e9es. <\/span><\/p>\n<p class=\"ql-align-justify\"><span style=\"color: rgb(64, 64, 64);\">&nbsp;<\/span><\/p>\n<p class=\"ql-align-justify\"><span style=\"color: rgb(64, 64, 64);\">Le contexte actuel conduit en effet \u00e0 une augmentation des signalements de faits de harc\u00e8lements, de discrimination (ou plus g\u00e9n\u00e9ralement des faits d\u00e9lictueux en entreprise), accentu\u00e9e par la lib\u00e9ration de la parole intervenant dans diff\u00e9rents secteurs m\u00e9diatiques, culturels et sportifs.<\/span><\/p>\n<p class=\"ql-align-justify\"><span style=\"color: rgb(64, 64, 64);\">&nbsp;<\/span><\/p>\n<p class=\"ql-align-justify\"><span style=\"color: rgb(64, 64, 64);\">Face \u00e0 cette d\u00e9ferlante, les obligations des employeurs varient selon l\u2019auteur de l\u2019alerte, la nature des faits d\u00e9nonc\u00e9s, ou encore le canal de communication choisi, de sorte que les mesures \u00e0 prendre diff\u00e8rent, notamment s\u2019agissant de l\u2019enqu\u00eate interne.<\/span><\/p>\n<p class=\"ql-align-justify\"><strong style=\"color: rgb(64, 64, 64);\">&nbsp;<\/strong><\/p>\n<p class=\"ql-align-justify\"><span style=\"color: rgb(64, 64, 64);\">A ce titre, la Cour de cassation a r\u00e9cemment jug\u00e9 que dans le cadre de son obligation de pr\u00e9vention des risques professionnels, l\u2019employeur \u00e9tait dans l\u2019obligation de lancer une enqu\u00eate pour \u00e9valuer la pertinence d\u2019accusations de harc\u00e8lement moral et que son inaction pouvait \u00eatre sanctionn\u00e9e m\u00eame si, <\/span><em style=\"color: rgb(64, 64, 64);\">in fine<\/em><span style=\"color: rgb(64, 64, 64);\">, aucun acte de harc\u00e8lement n\u2019\u00e9tait \u00e9tabli.<\/span><\/p>\n<p class=\"ql-align-justify\"><span style=\"color: rgb(64, 64, 64);\">&nbsp;<\/span><\/p>\n<p class=\"ql-align-justify\"><span style=\"color: rgb(64, 64, 64);\">Par ailleurs, une proposition de loi visant \u00e0 renforcer le statut du lanceur d\u2019alerte issu de la loi \u00ab&nbsp;Sapin 2&nbsp;\u00bb a fait l\u2019objet d\u2019une premi\u00e8re lecture par l\u2019Assembl\u00e9e Nationale le 17 novembre dernier.<\/span><\/p>\n<p class=\"ql-align-justify\"><span style=\"color: rgb(64, 64, 64);\">&nbsp;<\/span><\/p>\n<p class=\"ql-align-justify\"><span style=\"color: rgb(64, 64, 64);\">Cependant, nous constatons dans notre pratique que les entreprises sont insuffisamment&nbsp;inform\u00e9es des subtilit\u00e9s des alertes professionnelles&nbsp;et des situations dans lesquelles elles s\u2019imposent : proc\u00e9dures non respect\u00e9es (quand elles ne sont pas purement et simplement m\u00e9connues, enqu\u00eates non engag\u00e9es, mal men\u00e9es, mal formalis\u00e9es\u2026). <\/span><\/p>\n<p class=\"ql-align-justify\"><span style=\"color: rgb(64, 64, 64);\">&nbsp;<\/span><\/p>\n<p class=\"ql-align-justify\"><span style=\"color: rgb(64, 64, 64);\">Se pose \u00e9galement la tr\u00e8s d\u00e9licate question de la protection des t\u00e9moins contre les risques de repr\u00e9sailles et de la port\u00e9e des t\u00e9moignages anonymes.<\/span><\/p>\n<p class=\"ql-align-justify\"><span style=\"color: rgb(64, 64, 64);\">&nbsp;<\/span><\/p>\n<p class=\"ql-align-justify\"><span style=\"color: rgb(64, 64, 64);\">A la cl\u00e9&nbsp;: des risques divers, tenant autant \u00e0 l\u2019engagement de la responsabilit\u00e9 de l\u2019employeur en cas de situation anormale non trait\u00e9e, qu\u2019\u00e0 la remise en cause du licenciement prononc\u00e9 sur la base d\u2019une enqu\u00eate non conforme aux principes pos\u00e9s par les textes et le juge.<\/span><\/p>\n<p class=\"ql-align-justify\"><span style=\"color: rgb(64, 64, 64);\">&nbsp;<\/span><\/p>\n<p class=\"ql-align-justify\"><span style=\"color: rgb(64, 64, 64);\">Afin de faire le point sur ces probl\u00e9matiques, leurs enjeux et d\u2019apporter son expertise sur l\u2019\u00e9laboration de proc\u00e9dures internes efficaces et la d\u00e9finition d\u2019un cadre pour le d\u00e9roulement des enqu\u00eates, MGG Voltaire organise une matin\u00e9e sp\u00e9ciale sur la gestion des alertes professionnelles le <\/span><strong style=\"color: rgb(64, 64, 64);\">2 f\u00e9vrier 2022 de 9h \u00e0 12h30.<\/strong><\/p>\n<p><span style=\"color: rgb(64, 64, 64);\">&nbsp;<\/span><\/p>\n<p class=\"ql-align-justify\"><strong style=\"color: rgb(64, 64, 64);\">&nbsp;<\/strong><\/p>\n<p class=\"ql-align-justify\"><strong style=\"color: rgb(64, 64, 64);\">Animateurs&nbsp;: <\/strong><\/p>\n<p class=\"ql-align-justify\"><span style=\"color: rgb(64, 64, 64);\">David GUILLOUET<\/span><\/p>\n<p class=\"ql-align-justify\"><span style=\"color: rgb(64, 64, 64);\">Louise PEUGNY<\/span><\/p>\n<p class=\"ql-align-justify\"><strong style=\"color: rgb(64, 64, 64);\">&nbsp;<\/strong><\/p>\n<p class=\"ql-align-justify\"><strong style=\"color: rgb(64, 64, 64);\">Lieu&nbsp;: <\/strong><span style=\"color: rgb(64, 64, 64);\">en distanciel compte tenu des incertitudes li\u00e9es au contexte sanitaire.<\/span><\/p>\n<p class=\"ql-align-justify\"><strong style=\"color: rgb(64, 64, 64);\">&nbsp;<\/strong><\/p>\n<p class=\"ql-align-justify\"><strong style=\"color: rgb(64, 64, 64);\">Tarif&nbsp;: <\/strong><span style=\"color: rgb(64, 64, 64);\">600 euro HT incluant&nbsp;:<\/span><\/p>\n<p class=\"ql-align-justify\"><span style=\"color: rgb(64, 64, 64);\">&#8211;&nbsp;&nbsp;&nbsp;&nbsp;&nbsp;&nbsp;&nbsp;La remise du support de formation<\/span><\/p>\n<p class=\"ql-align-justify\"><span style=\"color: rgb(64, 64, 64);\">&#8211;&nbsp;&nbsp;&nbsp;&nbsp;&nbsp;&nbsp;&nbsp;L\u2019acc\u00e8s \u00e0 notre base documentaire permettant de formaliser vos enqu\u00eates<\/span><\/p>\n<p class=\"ql-align-justify\"><\/p>\n<p class=\"ql-align-justify\"><strong style=\"color: rgb(64, 64, 64);\">Inscription <\/strong><span style=\"color: rgb(64, 64, 64);\">: al@mggvoltaire.com<\/span><\/p>\n<p class=\"ql-align-justify\"><strong style=\"color: rgb(64, 64, 64);\">&nbsp;<\/strong><\/p>\n<p class=\"ql-align-justify\"><em style=\"color: rgb(64, 64, 64);\">Voltaire FORMATION, organisme de formation de MggVoltaire, est certifi\u00e9 par l\u2019ISQ et QUALIOPI.<\/em><\/p>\n<p><\/p>\n<p><strong style=\"color: rgb(64, 64, 64);\">&nbsp;<\/strong><\/p>\n<p class=\"ql-align-justify\"><strong style=\"color: rgb(64, 64, 64);\">&nbsp;<\/strong><\/p>\n<p class=\"ql-align-center\"><strong style=\"color: rgb(64, 64, 64);\">Programme<\/strong><\/p>\n<p class=\"ql-align-justify\"><strong style=\"color: rgb(64, 64, 64);\">&nbsp;<\/strong><\/p>\n<p class=\"ql-align-justify\"><strong style=\"color: rgb(64, 64, 64);\">&nbsp;<\/strong><\/p>\n<p class=\"ql-align-justify\"><strong style=\"color: rgb(64, 64, 64);\">Premi\u00e8re partie \u2013 Pr\u00e9venir les risques<\/strong><\/p>\n<p class=\"ql-align-justify\">&nbsp;<\/p>\n<p><span style=\"color: rgb(13, 61, 74);\">\u00ae&nbsp;&nbsp;&nbsp;<\/span><strong style=\"color: rgb(13, 61, 74);\">Conna\u00eetre les facteurs de risque<\/strong><\/p>\n<p><span style=\"color: rgb(13, 61, 74);\">\u00ae&nbsp;&nbsp;&nbsp;<\/span><strong style=\"color: rgb(13, 61, 74);\">Harc\u00e8lement moral, harc\u00e8lement sexuel, agissements sexistes, agressions sexuelles, discriminations&nbsp;: les d\u00e9finitions<\/strong><\/p>\n<p><span style=\"color: rgb(13, 61, 74);\">\u00ae&nbsp;&nbsp;&nbsp;<\/span><strong style=\"color: rgb(13, 61, 74);\">R\u00f4le des r\u00e9f\u00e9rents harc\u00e8lement <\/strong><\/p>\n<p><span style=\"color: rgb(13, 61, 74);\">\u00ae&nbsp;&nbsp;&nbsp;<\/span><strong style=\"color: rgb(13, 61, 74);\">Sensibilisation des salari\u00e9s, action de pr\u00e9vention<\/strong><\/p>\n<p class=\"ql-align-justify\">&nbsp;<\/p>\n<p class=\"ql-align-justify\">&nbsp;<\/p>\n<p class=\"ql-align-justify\"><strong style=\"color: rgb(64, 64, 64);\">Deuxi\u00e8me partie \u2013 Identifier les diff\u00e9rents types d\u2019alerte<\/strong><\/p>\n<p class=\"ql-align-justify\">&nbsp;<\/p>\n<p><span style=\"color: rgb(13, 61, 74);\">\u00ae&nbsp;&nbsp;&nbsp;<\/span><strong style=\"color: rgb(13, 61, 74);\">Les alertes informelles<\/strong><\/p>\n<p><span style=\"color: rgb(13, 61, 74);\">\u00ae&nbsp;&nbsp;&nbsp;<\/span><strong style=\"color: rgb(13, 61, 74);\">Les alertes individuelles<\/strong><\/p>\n<p><span style=\"color: rgb(13, 61, 74);\">\u00ae&nbsp;&nbsp;&nbsp;<\/span><strong style=\"color: rgb(13, 61, 74);\">Les alertes du CSE \/ des OS<\/strong><\/p>\n<p><strong style=\"color: rgb(13, 61, 74);\">&nbsp;<\/strong><\/p>\n<p class=\"ql-align-justify\"><strong style=\"color: rgb(64, 64, 64);\">&nbsp;<\/strong><\/p>\n<p class=\"ql-align-justify\"><strong style=\"color: rgb(64, 64, 64);\">Troisi\u00e8me partie \u2013 Mener (ou ne pas mener) l\u2019enqu\u00eate interne <\/strong><\/p>\n<p class=\"ql-align-justify\"><strong style=\"color: rgb(64, 64, 64);\">&nbsp;<\/strong><\/p>\n<p class=\"ql-align-justify\"><span style=\"color: rgb(64, 64, 64);\">\u00ae&nbsp;&nbsp;&nbsp;<\/span><strong style=\"color: rgb(13, 61, 74);\">Quand mener l\u2019enqu\u00eate&nbsp;? <\/strong><\/p>\n<p class=\"ql-align-justify\"><strong style=\"color: rgb(64, 64, 64);\">&nbsp;<\/strong><\/p>\n<p><span style=\"color: rgb(13, 61, 74);\">\u00ae&nbsp;&nbsp;&nbsp;<\/span><strong style=\"color: rgb(13, 61, 74);\">L\u2019organisation de l\u2019enqu\u00eate interne <\/strong><\/p>\n<p><span style=\"color: rgb(13, 61, 74);\">o&nbsp;&nbsp;<\/span><strong style=\"color: rgb(13, 61, 74);\">Internaliser&nbsp;? externaliser&nbsp;? Aupr\u00e8s de qui&nbsp;?<\/strong><\/p>\n<p><span style=\"color: rgb(13, 61, 74);\">o&nbsp;&nbsp;<\/span><strong style=\"color: rgb(13, 61, 74);\">Quelle m\u00e9thodologie d\u2019enqu\u00eate&nbsp;? Comment d\u00e9terminer les personnes \u00e0 auditionner&nbsp;? <\/strong><\/p>\n<p><span style=\"color: rgb(13, 61, 74);\">o&nbsp;&nbsp;<\/span><strong style=\"color: rgb(13, 61, 74);\">Quelles garanties donner aux t\u00e9moins&nbsp;?<\/strong><\/p>\n<p><span style=\"color: rgb(13, 61, 74);\">o&nbsp;&nbsp;<\/span><strong style=\"color: rgb(13, 61, 74);\">Comment et aupr\u00e8s de qui restituer les r\u00e9sultats de l\u2019enqu\u00eate&nbsp;? <\/strong><\/p>\n<p><strong style=\"color: rgb(13, 61, 74);\">&nbsp;<\/strong><\/p>\n<p><span style=\"color: rgb(13, 61, 74);\">\u00ae&nbsp;&nbsp;&nbsp;<\/span><strong style=\"color: rgb(13, 61, 74);\">La formalisation de l\u2019enqu\u00eate interne, les pr\u00e9cautions \u00e0 prendre<\/strong><\/p>\n<p><span style=\"color: rgb(13, 61, 74);\">o&nbsp;&nbsp;<\/span><strong style=\"color: rgb(13, 61, 74);\">Peut-on enregistrer les t\u00e9moins&nbsp;? <\/strong><\/p>\n<p><span style=\"color: rgb(13, 61, 74);\">o&nbsp;&nbsp;<\/span><strong style=\"color: rgb(13, 61, 74);\">Doit-on faire des attestations&nbsp;?<\/strong><\/p>\n<p><strong style=\"color: rgb(13, 61, 74);\">&nbsp;<\/strong><\/p>\n<p><span style=\"color: rgb(13, 61, 74);\">\u00ae&nbsp;&nbsp;&nbsp;<\/span><strong style=\"color: rgb(13, 61, 74);\">Les sp\u00e9cificit\u00e9s li\u00e9es \u00e0 l\u2019alerte \u00ab&nbsp;Sapin 2&nbsp;\u00bb<\/strong><\/p>\n<p class=\"ql-align-justify\"><strong style=\"color: rgb(64, 64, 64);\">&nbsp;<\/strong><\/p>\n<p class=\"ql-align-justify\"><strong style=\"color: rgb(64, 64, 64);\">&nbsp;<\/strong><\/p>\n<p class=\"ql-align-justify\"><strong style=\"color: rgb(64, 64, 64);\">Quatri\u00e8me partie \u2013 D\u00e9terminer les suites de l\u2019alerte<\/strong><\/p>\n<p class=\"ql-align-justify\"><strong style=\"color: rgb(64, 64, 64);\">&nbsp;<\/strong><\/p>\n<p><span style=\"color: rgb(13, 61, 74);\">\u00ae&nbsp;&nbsp;&nbsp;<\/span><strong style=\"color: rgb(13, 61, 74);\">Actions visant \u00e0 mettre un terme aux agissements<\/strong><\/p>\n<p><strong style=\"color: rgb(13, 61, 74);\">&nbsp;<\/strong><span style=\"color: rgb(13, 61, 74);\">\u00ae&nbsp;&nbsp;&nbsp;<\/span><strong style=\"color: rgb(13, 61, 74);\">Protection des parties prenantes<\/strong><\/p>\n<p><strong style=\"color: rgb(13, 61, 74);\">&nbsp;<\/strong><span style=\"color: rgb(13, 61, 74);\">\u00ae&nbsp;&nbsp;&nbsp;<\/span><strong style=\"color: rgb(13, 61, 74);\">Suivi dans le temps des victimes<\/strong><\/p>\n<p class=\"ql-align-justify\"><strong style=\"color: rgb(64, 64, 64);\">&nbsp;<\/strong><\/p>\n<p><strong><u>&nbsp;<\/u><\/strong><\/p>\n","protected":false},"excerpt":{"rendered":"<p>Savoir g\u00e9rer les alertes professionnelles et les enqu\u00eates internes 2 f\u00e9vrier 2022 (9h \u2013 12h30) &nbsp; &nbsp; Nul ne peut ignorer que les alertes professionnelles se multiplient depuis quelques ann\u00e9es. &nbsp; Le contexte actuel conduit en effet \u00e0 une augmentation des signalements de faits de harc\u00e8lements, de discrimination (ou plus g\u00e9n\u00e9ralement des faits d\u00e9lictueux en [&hellip;]<\/p>\n","protected":false},"author":3,"featured_media":20278,"comment_status":"open","ping_status":"open","sticky":false,"template":"","format":"standard","meta":{"_acf_changed":false,"_seopress_robots_primary_cat":"","_seopress_titles_title":"","_seopress_titles_desc":"","_seopress_robots_index":"","footnotes":""},"categories":[31],"tags":[],"class_list":["post-20280","post","type-post","status-publish","format-standard","has-post-thumbnail","hentry","category-actualites-en-droit-social"],"acf":[],"_links":{"self":[{"href":"https:\/\/www.voltaire-avocats.com\/fr\/wp-json\/wp\/v2\/posts\/20280","targetHints":{"allow":["GET"]}}],"collection":[{"href":"https:\/\/www.voltaire-avocats.com\/fr\/wp-json\/wp\/v2\/posts"}],"about":[{"href":"https:\/\/www.voltaire-avocats.com\/fr\/wp-json\/wp\/v2\/types\/post"}],"author":[{"embeddable":true,"href":"https:\/\/www.voltaire-avocats.com\/fr\/wp-json\/wp\/v2\/users\/3"}],"replies":[{"embeddable":true,"href":"https:\/\/www.voltaire-avocats.com\/fr\/wp-json\/wp\/v2\/comments?post=20280"}],"version-history":[{"count":0,"href":"https:\/\/www.voltaire-avocats.com\/fr\/wp-json\/wp\/v2\/posts\/20280\/revisions"}],"wp:featuredmedia":[{"embeddable":true,"href":"https:\/\/www.voltaire-avocats.com\/fr\/wp-json\/wp\/v2\/media\/20278"}],"wp:attachment":[{"href":"https:\/\/www.voltaire-avocats.com\/fr\/wp-json\/wp\/v2\/media?parent=20280"}],"wp:term":[{"taxonomy":"category","embeddable":true,"href":"https:\/\/www.voltaire-avocats.com\/fr\/wp-json\/wp\/v2\/categories?post=20280"},{"taxonomy":"post_tag","embeddable":true,"href":"https:\/\/www.voltaire-avocats.com\/fr\/wp-json\/wp\/v2\/tags?post=20280"}],"curies":[{"name":"wp","href":"https:\/\/api.w.org\/{rel}","templated":true}]}}