{"id":20382,"date":"2022-02-24T15:21:33","date_gmt":"2022-02-24T14:21:33","guid":{"rendered":"https:\/\/www.voltaire-avocats.com\/bareme-macron-un-nouvel-indice-en-faveur-de-sa-validite\/"},"modified":"2022-09-19T14:50:19","modified_gmt":"2022-09-19T12:50:19","slug":"bareme-macron-un-nouvel-indice-en-faveur-de-sa-validite","status":"publish","type":"post","link":"https:\/\/www.voltaire-avocats.com\/fr\/bareme-macron-un-nouvel-indice-en-faveur-de-sa-validite\/","title":{"rendered":"Bar\u00e8me \u00ab\u00a0Macron\u00a0\u00bb : un nouvel indice en faveur de sa validit\u00e9 ?"},"content":{"rendered":"<p class=\"ql-align-justify\">Dans l\u2019attente dans sa d\u00e9cision pr\u00e9vue pour fin mai, la chambre sociale de la Cour de cassation apporte un nouvel indice annon\u00e7ant une d\u00e9cision en faveur de la validit\u00e9 du bar\u00e8me \u00ab\u00a0Macron\u00a0\u00bb.<\/p>\n<p class=\"ql-align-justify\"><\/p>\n<p class=\"ql-align-justify\">Dans un arr\u00eat publi\u00e9 du 16 f\u00e9vrier 2022 (n\u00b0 20-16.184), la Cour juge que \u00ab\u00a0<em>lorsque le juge prononce la r\u00e9siliation judiciaire du contrat de travail d\u2019un salari\u00e9 aux torts de l\u2019employeur et que la rupture produit les effets d\u2019un licenciement sans cause r\u00e9elle et s\u00e9rieuse, les dispositions issues de l\u2019ordonnance du 22 septembre 2017 relatives au montant de l\u2019indemnit\u00e9 due \u00e0 ce titre sont applicables d\u00e8s lors que la r\u00e9siliation judiciaire prend effet \u00e0 une date post\u00e9rieure \u00e0 celle de la publication de l\u2019ordonnance<\/em>\u00a0\u00bb.<\/p>\n<p class=\"ql-align-justify\"><\/p>\n<p class=\"ql-align-justify\">En l\u2019esp\u00e8ce, un salari\u00e9 avait saisi la juridiction prud\u2019homale en r\u00e9siliation judiciaire de son contrat de travail aux torts de l\u2019employeur le 26 avril 2016.<\/p>\n<p class=\"ql-align-justify\"><\/p>\n<p class=\"ql-align-justify\">La Cour d\u2019appel avait finalement prononc\u00e9 la r\u00e9siliation judiciaire dudit contrat aux torts de l\u2019employeur, au jour du licenciement du salari\u00e9 pour inaptitude, soit le 14 f\u00e9vrier 2018, et condamn\u00e9 l\u2019employeur \u00e0 verser au salari\u00e9 une indemnit\u00e9 \u00e0 hauteur de 19 mois de salaire net, alors qu\u2019en application du bar\u00e8me pr\u00e9vu \u00e0 l\u2019article L.1235-3 du Code du travail, l\u2019indemnit\u00e9 aurait d\u00fb \u00eatre comprise entre 3 et 16,5 mois de salaire brut.<\/p>\n<p class=\"ql-align-justify\"><\/p>\n<p class=\"ql-align-justify\">L\u2019employeur contestait cette d\u00e9cision au motif que, conform\u00e9ment \u00e0 l\u2019article L.1235-3-2 du Code du travail, lorsque la rupture du contrat de travail est prononc\u00e9e par le juge aux torts de l\u2019employeur, le montant de l&rsquo;indemnit\u00e9 octroy\u00e9e est d\u00e9termin\u00e9 selon les r\u00e8gles fix\u00e9es \u00e0 l&rsquo;article L. 1235-3 de ce Code, sauf lorsque cette rupture produit les effets d\u2019un licenciement nul. La rupture ayant \u00e9t\u00e9 fix\u00e9e au 14 f\u00e9vrier 2018, le bar\u00e8me d\u2019indemnisation devait donc, selon lui, trouver \u00e0 s\u2019appliquer.<\/p>\n<p class=\"ql-align-justify\"><\/p>\n<p class=\"ql-align-justify\">La Cour de cassation confirme cette analyse et censure la d\u00e9cision rendue par la Cour d\u2019appel d\u00e8s lors qu\u2019\u00a0\u00ab\u00a0<em>il lui appartenait de d\u00e9terminer le montant de l\u2019indemnit\u00e9 par application des r\u00e8gles fix\u00e9es \u00e0 l\u2019article L.1235-3 du Code du travail<\/em>\u00a0\u00bb, dans sa version issue de l\u2019ordonnance du 22 septembre 2017.<\/p>\n<p class=\"ql-align-justify\"><\/p>\n<p class=\"ql-align-justify\"><a href=\"https:\/\/www.courdecassation.fr\/decision\/620ca2d5c61f23729bcf61e8?search_api_fulltext=20-16.184&#038;sort=&#038;items_per_page=&#038;judilibre_chambre=&#038;judilibre_type=&#038;judilibre_matiere=&#038;judilibre_publication=&#038;judilibre_solution=&#038;op=&#038;date_du=&#038;date_au=&#038;previousdecisionpage=&#038;previousdecisionindex=&#038;nextdecisionpage=&#038;nextdecisionindex\" target=\"_blank\" rel=\"noopener\">https:\/\/www.courdecassation.fr\/decision\/620ca2d5c61f23729bcf61e8?search_api_fulltext=20-16.184&#038;sort=&#038;items_per_page=&#038;judilibre_chambre=&#038;judilibre_type=&#038;judilibre_matiere=&#038;judilibre_publication=&#038;judilibre_solution=&#038;op=&#038;date_du=&#038;date_au=&#038;previousdecisionpage=&#038;previousdecisionindex=&#038;nextdecisionpage=&#038;nextdecisionindex<\/a>=\u00a0<\/p>\n<p><\/p>\n","protected":false},"excerpt":{"rendered":"<p>Bar\u00e8me \u00ab\u00a0Macron\u00a0\u00bb : un nouvel indice en faveur de sa validit\u00e9 ?<\/p>\n","protected":false},"author":3,"featured_media":20380,"comment_status":"open","ping_status":"open","sticky":false,"template":"","format":"standard","meta":{"_acf_changed":false,"_seopress_robots_primary_cat":"","_seopress_titles_title":"","_seopress_titles_desc":"","_seopress_robots_index":"","footnotes":""},"categories":[31],"tags":[],"class_list":["post-20382","post","type-post","status-publish","format-standard","has-post-thumbnail","hentry","category-actualites-en-droit-social"],"acf":[],"_links":{"self":[{"href":"https:\/\/www.voltaire-avocats.com\/fr\/wp-json\/wp\/v2\/posts\/20382","targetHints":{"allow":["GET"]}}],"collection":[{"href":"https:\/\/www.voltaire-avocats.com\/fr\/wp-json\/wp\/v2\/posts"}],"about":[{"href":"https:\/\/www.voltaire-avocats.com\/fr\/wp-json\/wp\/v2\/types\/post"}],"author":[{"embeddable":true,"href":"https:\/\/www.voltaire-avocats.com\/fr\/wp-json\/wp\/v2\/users\/3"}],"replies":[{"embeddable":true,"href":"https:\/\/www.voltaire-avocats.com\/fr\/wp-json\/wp\/v2\/comments?post=20382"}],"version-history":[{"count":0,"href":"https:\/\/www.voltaire-avocats.com\/fr\/wp-json\/wp\/v2\/posts\/20382\/revisions"}],"wp:featuredmedia":[{"embeddable":true,"href":"https:\/\/www.voltaire-avocats.com\/fr\/wp-json\/wp\/v2\/media\/20380"}],"wp:attachment":[{"href":"https:\/\/www.voltaire-avocats.com\/fr\/wp-json\/wp\/v2\/media?parent=20382"}],"wp:term":[{"taxonomy":"category","embeddable":true,"href":"https:\/\/www.voltaire-avocats.com\/fr\/wp-json\/wp\/v2\/categories?post=20382"},{"taxonomy":"post_tag","embeddable":true,"href":"https:\/\/www.voltaire-avocats.com\/fr\/wp-json\/wp\/v2\/tags?post=20382"}],"curies":[{"name":"wp","href":"https:\/\/api.w.org\/{rel}","templated":true}]}}