{"id":20562,"date":"2022-05-23T08:56:58","date_gmt":"2022-05-23T06:56:58","guid":{"rendered":"https:\/\/www.voltaire-avocats.com\/la-force-majeure-hypothese-mineure\/"},"modified":"2022-09-19T14:50:41","modified_gmt":"2022-09-19T12:50:41","slug":"la-force-majeure-hypothese-mineure","status":"publish","type":"post","link":"https:\/\/www.voltaire-avocats.com\/fr\/la-force-majeure-hypothese-mineure\/","title":{"rendered":"La force majeure : hypoth\u00e8se mineure"},"content":{"rendered":"<p class=\"ql-align-justify\">Le d\u00e9c\u00e8s du salari\u00e9 (CA Metz, 15 sept. 1999, n\u00b097-3557) &#8211; mais non celui de l\u2019employeur (Cass. soc., 24 f\u00e9v. 1983, n\u00b080-41.779) &#8211; ou encore la destruction des moyens de production par incendie (Cass. soc., 30 avr. 1997, n\u00b094-42.194) ou cyclone (Cass. crim., 4 janv. 1984, n\u00b083-90.022), sont parmi les rares hypoth\u00e8ses auxquelles la jurisprudence reconnait la nature de force majeure, laquelle permet \u00e0 l\u2019employeur, en cas de survenance, de suspendre ou mettre fin aux obligations contractuelles.<\/p>\n<p class=\"ql-align-justify\"><\/p>\n<p class=\"ql-align-justify\">Cette force majeure, rappelle la Cour de cassation dans un arr\u00eat du 11 mai 2022, s\u2019entend de la survenance d&rsquo;un \u00e9v\u00e9nement ext\u00e9rieur, impr\u00e9visible lors de la conclusion du contrat, et irr\u00e9sistible dans son ex\u00e9cution. Dans cet arr\u00eat, la Cour de cassation confirme son approche restrictive de la notion.<\/p>\n<p class=\"ql-align-justify\"><\/p>\n<p class=\"ql-align-justify\">En l\u2019esp\u00e8ce, une soci\u00e9t\u00e9 de s\u00e9curit\u00e9 s\u2019\u00e9tait vue notifier, par une commission interr\u00e9gionale d&rsquo;agr\u00e9ment et de contr\u00f4le, une interdiction d&rsquo;exercer une activit\u00e9 priv\u00e9e de s\u00e9curit\u00e9 pendant une dur\u00e9e de cinq ans. Par suite, la soci\u00e9t\u00e9 a \u00e9t\u00e9 plac\u00e9e en liquidation judiciaire.<\/p>\n<p class=\"ql-align-justify\"><\/p>\n<p class=\"ql-align-justify\">Un salari\u00e9 a saisi la juridiction prud&rsquo;homale en vue d\u2019obtenir le rappel des salaires non vers\u00e9s ant\u00e9rieurement \u00e0 son licenciement pour motif \u00e9conomique.<\/p>\n<p class=\"ql-align-justify\"><\/p>\n<p class=\"ql-align-justify\">La Cour d\u2019appel de Lyon a consid\u00e9r\u00e9, pour rejeter les demandes du salari\u00e9, que l\u2019interdiction d\u2019exercer une activit\u00e9 de s\u00e9curit\u00e9 constituait en elle-m\u00eame un cas force majeure permettant \u00e0 l&#8217;employeur de s&rsquo;exon\u00e9rer des obligations n\u00e9es du contrat de travail, dans la mesure o\u00f9 un tel retrait constituait n\u00e9cessairement un \u00e9v\u00e9nement ext\u00e9rieur et irr\u00e9sistible.<\/p>\n<p class=\"ql-align-justify\"><\/p>\n<p class=\"ql-align-justify\">La Haute juridiction casse l\u2019arr\u00eat d\u2019appel en constatant que si, en effet, l\u2019interdiction d\u2019exercice ne permettait plus \u00e0 la soci\u00e9t\u00e9 de fournir du travail au salari\u00e9, il importait de rechercher si cette interdiction r\u00e9pondait aux conditions d&rsquo;ext\u00e9riorit\u00e9 et d&rsquo;impr\u00e9visibilit\u00e9.<\/p>\n<p class=\"ql-align-justify\"><\/p>\n<p>La Cour de cassation juge ainsi que l&rsquo;interdiction pour un employeur d&rsquo;exercer son activit\u00e9 principale pendant cinq ans ne permet pas, en elle-m\u00eame, de caract\u00e9riser un \u00e9v\u00e9nement ext\u00e9rieur et impr\u00e9visible rendant impossible la poursuite du contrat de travail et permettant \u00e0 l&#8217;employeur de s&rsquo;exon\u00e9rer du paiement des salaires.<\/p>\n<p><\/p>\n<p>Cass. soc., 11 mai 2022, n\u00b020-18.372<\/p>\n<p><\/p>\n<p><a href=\"https:\/\/www.courdecassation.fr\/decision\/627b542876c5d9057df7fe9c?search_api_fulltext=&#038;date_du=2022-05-11&#038;date_au=&#038;judilibre_juridiction=cc&#038;judilibre_chambre%5B0%5D=soc&#038;op=Rechercher%20sur%20judilibre&#038;page=2&#038;previousdecisionpage=2&#038;previousdecisionindex=2&#038;n\" target=\"_blank\" rel=\"noopener\">https:\/\/www.courdecassation.fr\/decision\/627b542876c5d9057df7fe9c?search_api_fulltext=&#038;date_du=2022-05-11&#038;date_au=&#038;judilibre_juridiction=cc&#038;judilibre_chambre%5B0%5D=soc&#038;op=Rechercher%20sur%20judilibre&#038;page=2&#038;previousdecisionpage=2&#038;previousdecisionindex=2&#038;n<\/a><\/p>\n<p>\u00a0<\/p>\n","protected":false},"excerpt":{"rendered":"<p>Le d\u00e9c\u00e8s du salari\u00e9 (CA Metz, 15 sept. 1999, n\u00b097-3557) &#8211; mais non celui de l\u2019employeur (Cass. soc., 24 f\u00e9v. 1983, n\u00b080-41.779) &#8211; ou encore la destruction des moyens de production par incendie (Cass. soc., 30 avr. 1997, n\u00b094-42.194) ou cyclone (Cass. crim., 4 janv. 1984, n\u00b083-90.022), sont parmi les rares hypoth\u00e8ses auxquelles la jurisprudence [&hellip;]<\/p>\n","protected":false},"author":3,"featured_media":20560,"comment_status":"open","ping_status":"open","sticky":false,"template":"","format":"standard","meta":{"_acf_changed":false,"_seopress_titles_title":"","_seopress_titles_desc":"","_seopress_robots_index":"","_seopress_robots_follow":"","_seopress_robots_imageindex":"","_seopress_robots_snippet":"","_seopress_robots_primary_cat":"","_seopress_robots_breadcrumbs":"","_seopress_robots_freeze_modified_date":"","_seopress_robots_custom_modified_date":"","_seopress_robots_canonical":"","_seopress_social_fb_title":"","_seopress_social_fb_desc":"","_seopress_social_fb_img":"","_seopress_social_fb_img_attachment_id":0,"_seopress_social_fb_img_width":0,"_seopress_social_fb_img_height":0,"_seopress_social_twitter_title":"","_seopress_social_twitter_desc":"","_seopress_social_twitter_img":"","_seopress_social_twitter_img_attachment_id":0,"_seopress_social_twitter_img_width":0,"_seopress_social_twitter_img_height":0,"_seopress_redirections_value":"","_seopress_redirections_enabled":"","_seopress_redirections_enabled_regex":"","_seopress_redirections_logged_status":"","_seopress_redirections_param":"","_seopress_redirections_type":0,"_seopress_analysis_target_kw":"","_seopress_news_disabled":"","_seopress_video_disabled":"","_seopress_video":[],"_seopress_pro_schemas_manual":[],"_seopress_pro_rich_snippets_disable_all":"","_seopress_pro_rich_snippets_disable":[],"_seopress_pro_schemas":[],"footnotes":""},"categories":[31],"tags":[],"class_list":["post-20562","post","type-post","status-publish","format-standard","has-post-thumbnail","hentry","category-actualites-en-droit-social"],"acf":[],"_links":{"self":[{"href":"https:\/\/www.voltaire-avocats.com\/fr\/wp-json\/wp\/v2\/posts\/20562","targetHints":{"allow":["GET"]}}],"collection":[{"href":"https:\/\/www.voltaire-avocats.com\/fr\/wp-json\/wp\/v2\/posts"}],"about":[{"href":"https:\/\/www.voltaire-avocats.com\/fr\/wp-json\/wp\/v2\/types\/post"}],"author":[{"embeddable":true,"href":"https:\/\/www.voltaire-avocats.com\/fr\/wp-json\/wp\/v2\/users\/3"}],"replies":[{"embeddable":true,"href":"https:\/\/www.voltaire-avocats.com\/fr\/wp-json\/wp\/v2\/comments?post=20562"}],"version-history":[{"count":0,"href":"https:\/\/www.voltaire-avocats.com\/fr\/wp-json\/wp\/v2\/posts\/20562\/revisions"}],"wp:featuredmedia":[{"embeddable":true,"href":"https:\/\/www.voltaire-avocats.com\/fr\/wp-json\/wp\/v2\/media\/20560"}],"wp:attachment":[{"href":"https:\/\/www.voltaire-avocats.com\/fr\/wp-json\/wp\/v2\/media?parent=20562"}],"wp:term":[{"taxonomy":"category","embeddable":true,"href":"https:\/\/www.voltaire-avocats.com\/fr\/wp-json\/wp\/v2\/categories?post=20562"},{"taxonomy":"post_tag","embeddable":true,"href":"https:\/\/www.voltaire-avocats.com\/fr\/wp-json\/wp\/v2\/tags?post=20562"}],"curies":[{"name":"wp","href":"https:\/\/api.w.org\/{rel}","templated":true}]}}