{"id":21791,"date":"2022-10-17T09:06:52","date_gmt":"2022-10-17T07:06:52","guid":{"rendered":"https:\/\/www.voltaire-avocats.com\/?p=21791"},"modified":"2022-10-17T09:06:52","modified_gmt":"2022-10-17T07:06:52","slug":"controle-urssaf-des-methodes-de-calcul-irregulieres-peuvent-entrainer-lannulation-du-redressement","status":"publish","type":"post","link":"https:\/\/www.voltaire-avocats.com\/fr\/controle-urssaf-des-methodes-de-calcul-irregulieres-peuvent-entrainer-lannulation-du-redressement\/","title":{"rendered":"Contr\u00f4le URSSAF : des m\u00e9thodes de calcul irr\u00e9guli\u00e8res peuvent entra\u00eener l\u2019annulation du redressement"},"content":{"rendered":"<p class=\"ql-align-justify\">L\u2019utilisation par l\u2019inspecteur du contr\u00f4le d\u2019une m\u00e9thode de calcul non conforme aux exigences du Code de la s\u00e9curit\u00e9 sociale peut entra\u00eener l\u2019annulation du redressement, ainsi qu&rsquo;il ressort d&rsquo;un arr\u00eat de la Cour de cassation en date du 13 octobre 2022 (n\u00b021-11.754).<\/p>\n<p class=\"ql-align-justify\"><\/p>\n<p class=\"ql-align-justify\">Dans cette esp\u00e8ce, les juges du fond avaient constat\u00e9 que les inspecteurs de l&rsquo;URSSAF avaient retenu une m\u00e9thode sp\u00e9cifique de calcul de l&rsquo;assiette plafonn\u00e9e permettant de d\u00e9terminer les cotisations du r\u00e9gime g\u00e9n\u00e9ral et du compl\u00e9ment vieillesse.<\/p>\n<p class=\"ql-align-justify\">\u00a0<\/p>\n<p class=\"ql-align-justify\">Ils avaient consid\u00e9r\u00e9 que les modalit\u00e9s retenues pour d\u00e9terminer cette masse salariale plafonn\u00e9e constituaient une m\u00e9thode illicite de calcul et que les redressements op\u00e9r\u00e9s sur cette base \u00e9taient irr\u00e9guliers \u00ab au regard de la m\u00e9thode de calcul des masses salariales plafonn\u00e9es employ\u00e9es \u00bb.<\/p>\n<p class=\"ql-align-justify\">\u00a0<\/p>\n<p class=\"ql-align-justify\">Ils avaient par cons\u00e9quent annul\u00e9 les redressements calcul\u00e9s de mani\u00e8re irr\u00e9guli\u00e8re.<\/p>\n<p class=\"ql-align-justify\">\u00a0<\/p>\n<p class=\"ql-align-justify\">Au soutien de sa contestation, l\u2019URSSAF faisait valoir\u00a0:<\/p>\n<p class=\"ql-align-justify\">\u00a0<\/p>\n<ul>\n<li class=\"ql-align-justify\">que le redressement ne pouvait \u00eatre annul\u00e9 que si l&rsquo;URSSAF avait recouru de mani\u00e8re irr\u00e9guli\u00e8re \u00e0 la taxation forfaitaire ou recouru de mani\u00e8re irr\u00e9guli\u00e8re \u00e0 la m\u00e9thode de redressement par \u00e9chantillonnage et extrapolation ;<\/li>\n<li class=\"ql-align-justify\">qu&rsquo;il n&rsquo;y avait pas lieu d&rsquo;annuler le redressement lorsque la m\u00e9thode de calcul de l&rsquo;URSSAF \u00e9tait seulement erron\u00e9e,<\/li>\n<li class=\"ql-align-justify\">que les juges du fond devaient en pareil cas inviter l&rsquo;URSSAF \u00e0 modifier le montant des sommes r\u00e9clam\u00e9es.<\/li>\n<\/ul>\n<p class=\"ql-align-justify\">\u00a0<\/p>\n<p class=\"ql-align-justify\">La Cour de cassation, dans son arr\u00eat du 13 octobre 2022, consid\u00e8re que si le redressement doit \u00eatre \u00e9tabli sur des bases r\u00e9elles lorsque la comptabilit\u00e9 de l&#8217;employeur permet \u00e0 l&rsquo;agent de contr\u00f4le d&rsquo;\u00e9tablir le chiffre exact des sommes \u00e0 r\u00e9int\u00e9grer, le recours par un organisme de s\u00e9curit\u00e9 sociale \u00e0 une m\u00e9thode de calcul contrevenant aux r\u00e8gles pos\u00e9es par le code de la s\u00e9curit\u00e9 sociale doit \u00eatre sanctionn\u00e9 par l&rsquo;annulation de la partie du redressement calcul\u00e9e de mani\u00e8re irr\u00e9guli\u00e8re.<\/p>\n<p class=\"ql-align-justify\">\u00a0<\/p>\n<p class=\"ql-align-justify\">Ayant retenu qu&rsquo;en l&rsquo;absence de mise en \u0153uvre de la proc\u00e9dure de taxation forfaitaire, les modalit\u00e9s retenues par l&rsquo;URSSAF constituaient une m\u00e9thode illicite de calcul contraire \u00e0 la r\u00e8gle d&rsquo;ordre public de la d\u00e9termination du redressement sur des bases r\u00e9elles, la cour d&rsquo;appel en a exactement d\u00e9duit que les chefs de redressement concern\u00e9s devaient \u00eatre annul\u00e9s \u00e0 hauteur des sommes r\u00e9clam\u00e9es correspondant aux cotisations plafonn\u00e9es.<\/p>\n<p class=\"ql-align-justify\"><\/p>\n<p><a href=\"https:\/\/www.courdecassation.fr\/decision\/6347af0129ffd2adfff4f50b\" target=\"_blank\" rel=\"noopener\">https:\/\/www.courdecassation.fr\/decision\/6347af0129ffd2adfff4f50b<\/a><\/p>\n<p class=\"ql-align-justify\">\u00a0<\/p>\n<p><\/p>\n","protected":false},"excerpt":{"rendered":"<p>L\u2019utilisation par l\u2019inspecteur du contr\u00f4le d\u2019une m\u00e9thode de calcul non conforme aux exigences du Code de la s\u00e9curit\u00e9 sociale peut entra\u00eener l\u2019annulation du redressement.<\/p>\n","protected":false},"author":3,"featured_media":21789,"comment_status":"open","ping_status":"open","sticky":false,"template":"","format":"standard","meta":{"_acf_changed":false,"_seopress_robots_primary_cat":"","_seopress_titles_title":"","_seopress_titles_desc":"","_seopress_robots_index":"","footnotes":""},"categories":[31],"tags":[],"class_list":["post-21791","post","type-post","status-publish","format-standard","has-post-thumbnail","hentry","category-actualites-en-droit-social"],"acf":[],"_links":{"self":[{"href":"https:\/\/www.voltaire-avocats.com\/fr\/wp-json\/wp\/v2\/posts\/21791","targetHints":{"allow":["GET"]}}],"collection":[{"href":"https:\/\/www.voltaire-avocats.com\/fr\/wp-json\/wp\/v2\/posts"}],"about":[{"href":"https:\/\/www.voltaire-avocats.com\/fr\/wp-json\/wp\/v2\/types\/post"}],"author":[{"embeddable":true,"href":"https:\/\/www.voltaire-avocats.com\/fr\/wp-json\/wp\/v2\/users\/3"}],"replies":[{"embeddable":true,"href":"https:\/\/www.voltaire-avocats.com\/fr\/wp-json\/wp\/v2\/comments?post=21791"}],"version-history":[{"count":0,"href":"https:\/\/www.voltaire-avocats.com\/fr\/wp-json\/wp\/v2\/posts\/21791\/revisions"}],"wp:featuredmedia":[{"embeddable":true,"href":"https:\/\/www.voltaire-avocats.com\/fr\/wp-json\/wp\/v2\/media\/21789"}],"wp:attachment":[{"href":"https:\/\/www.voltaire-avocats.com\/fr\/wp-json\/wp\/v2\/media?parent=21791"}],"wp:term":[{"taxonomy":"category","embeddable":true,"href":"https:\/\/www.voltaire-avocats.com\/fr\/wp-json\/wp\/v2\/categories?post=21791"},{"taxonomy":"post_tag","embeddable":true,"href":"https:\/\/www.voltaire-avocats.com\/fr\/wp-json\/wp\/v2\/tags?post=21791"}],"curies":[{"name":"wp","href":"https:\/\/api.w.org\/{rel}","templated":true}]}}