{"id":22347,"date":"2023-01-30T13:20:32","date_gmt":"2023-01-30T12:20:32","guid":{"rendered":"https:\/\/www.voltaire-avocats.com\/partage-de-la-valeur-un-accord-national-interprofessionnel-est-il-pour-bientot\/"},"modified":"2023-01-30T17:18:08","modified_gmt":"2023-01-30T16:18:08","slug":"partage-de-la-valeur-un-accord-national-interprofessionnel-est-il-pour-bientot","status":"publish","type":"post","link":"https:\/\/www.voltaire-avocats.com\/fr\/partage-de-la-valeur-un-accord-national-interprofessionnel-est-il-pour-bientot\/","title":{"rendered":"Partage de la valeur : un accord national interprofessionnel est-il pour bient\u00f4t ?"},"content":{"rendered":"<p>Un projet d\u2019accord national interprofessionnel sur le partage de la valeur au sein de l\u2019entreprise a \u00e9t\u00e9 transmis aux organisations syndicales la semaine derni\u00e8re.<\/p>\n<p><\/p>\n<p class=\"ql-align-justify\">Ce texte envisage notamment de faciliter la mise en place de la participation dans les entreprises de moins de 50 salari\u00e9s. Cette facilitation passerait par la possibilit\u00e9, \u00e0 titre exp\u00e9rimental, de n\u00e9gocier une formule de calcul moins (ou plus) g\u00e9n\u00e9reuse que la formule l\u00e9gale (un dispositif dont l\u2019utilit\u00e9 est sujet \u00e0 caution&nbsp;car cela peut d\u00e9j\u00e0 \u00eatre r\u00e9alis\u00e9 via un accord d\u2019int\u00e9ressement\u2026). A noter que les organisations syndicales militent de leur c\u00f4t\u00e9 pour que la participation devienne obligatoire dans toutes les entreprises.<\/p>\n<p class=\"ql-align-justify\"><\/p>\n<p>Par ailleurs,&nbsp;:<\/p>\n<p><\/p>\n<p>&#8211;&nbsp;&nbsp;&nbsp;&nbsp;&nbsp;&nbsp;&nbsp;&nbsp;&nbsp;la \u00ab&nbsp;franchise&nbsp;\u00bb permettant \u00e0 une entreprise dot\u00e9e d\u2019un accord d\u2019int\u00e9ressement de ne pas mettre en place imm\u00e9diatement la participation en cas de franchissement du seuil de 50 salari\u00e9s serait supprim\u00e9e&nbsp;;<\/p>\n<p><\/p>\n<p>&#8211;&nbsp;&nbsp;&nbsp;&nbsp;&nbsp;&nbsp;&nbsp;&nbsp;&nbsp;deux nouveaux cas de d\u00e9blocage anticip\u00e9s seraient ajout\u00e9s&nbsp;: l\u2019un li\u00e9s aux \u00ab&nbsp;d\u00e9penses engag\u00e9es en tant que proche aidant&nbsp;\u00bb et l\u2019autre -tr\u00e8s tendance- pour \u00ab&nbsp;d\u00e9penses li\u00e9es \u00e0 la r\u00e9novation \u00e9nerg\u00e9tique des r\u00e9sidences principales&nbsp;\u00bb (les propri\u00e9taires de r\u00e9sidences secondaires \u00e9tant somm\u00e9s de mobiliser leur \u00e9pargne salariale pour des causes plus nobles que leur (in)confort saisonnier);<\/p>\n<p><\/p>\n<p>&#8211;&nbsp;&nbsp;&nbsp;&nbsp;&nbsp;&nbsp;&nbsp;&nbsp;&nbsp;pour am\u00e9liorer la connaissance financi\u00e8re des \u00e9lus sur la situation de l\u2019entreprise le contenu de la BDESE serait \u00e9largi&nbsp;;<\/p>\n<p><\/p>\n<p>&#8211;&nbsp;&nbsp;&nbsp;&nbsp;&nbsp;&nbsp;&nbsp;&nbsp;&nbsp;la PPV pourrait \u00eatre plac\u00e9e dans un PEE ou un PER&nbsp;;<\/p>\n<p><\/p>\n<p>&#8211;&nbsp;&nbsp;&nbsp;&nbsp;&nbsp;&nbsp;&nbsp;&nbsp;&nbsp;plusieurs PPV pourraient \u00eatre vers\u00e9es chaque ann\u00e9e dans la limite du plafond (ce qui permettrait le versement d\u2019une PPV mensuelle).<\/p>\n<p><\/p>\n<p>A noter sur cette derni\u00e8re proposition que le principe de non-substitution entre salaires et \u00ab&nbsp;dispositifs existants&nbsp;\u00bb est rappel\u00e9 comme pierre angulaire de l\u2019\u00e9difice tant il est \u00e9vident qu\u2019aucun chef d\u2019entreprise n\u2019aura eu \u00e0 l\u2019id\u00e9e de faire de la mod\u00e9ration salariale en contrepartie d\u2019une PEPA ou d\u2019une PPV\u2026<\/p>\n<p><\/p>\n<p>Le mois de f\u00e9vrier devrait permettre de savoir si un compromis acceptable aux yeux des parties peut intervenir.<\/p>\n<p><\/p>\n","protected":false},"excerpt":{"rendered":"<p>Un projet d\u2019accord national interprofessionnel sur le partage de la valeur au sein de l\u2019entreprise a \u00e9t\u00e9 transmis aux organisations syndicales la semaine derni\u00e8re. Ce texte envisage notamment de faciliter la mise en place de la participation dans les entreprises de moins de 50 salari\u00e9s. Cette facilitation passerait par la possibilit\u00e9, \u00e0 titre exp\u00e9rimental, de [&hellip;]<\/p>\n","protected":false},"author":3,"featured_media":22345,"comment_status":"open","ping_status":"open","sticky":false,"template":"","format":"standard","meta":{"_acf_changed":false,"_seopress_titles_title":"","_seopress_titles_desc":"","_seopress_robots_index":"","_seopress_robots_follow":"","_seopress_robots_imageindex":"","_seopress_robots_snippet":"","_seopress_robots_primary_cat":"","_seopress_robots_breadcrumbs":"","_seopress_robots_freeze_modified_date":"","_seopress_robots_custom_modified_date":"","_seopress_robots_canonical":"","_seopress_social_fb_title":"","_seopress_social_fb_desc":"","_seopress_social_fb_img":"","_seopress_social_fb_img_attachment_id":0,"_seopress_social_fb_img_width":0,"_seopress_social_fb_img_height":0,"_seopress_social_twitter_title":"","_seopress_social_twitter_desc":"","_seopress_social_twitter_img":"","_seopress_social_twitter_img_attachment_id":0,"_seopress_social_twitter_img_width":0,"_seopress_social_twitter_img_height":0,"_seopress_redirections_value":"","_seopress_redirections_enabled":"","_seopress_redirections_enabled_regex":"","_seopress_redirections_logged_status":"","_seopress_redirections_param":"","_seopress_redirections_type":0,"_seopress_analysis_target_kw":"","_seopress_news_disabled":"","_seopress_video_disabled":"","_seopress_video":[],"_seopress_pro_schemas_manual":[],"_seopress_pro_rich_snippets_disable_all":"","_seopress_pro_rich_snippets_disable":[],"_seopress_pro_schemas":[],"footnotes":""},"categories":[31],"tags":[],"class_list":["post-22347","post","type-post","status-publish","format-standard","has-post-thumbnail","hentry","category-actualites-en-droit-social"],"acf":[],"_links":{"self":[{"href":"https:\/\/www.voltaire-avocats.com\/fr\/wp-json\/wp\/v2\/posts\/22347","targetHints":{"allow":["GET"]}}],"collection":[{"href":"https:\/\/www.voltaire-avocats.com\/fr\/wp-json\/wp\/v2\/posts"}],"about":[{"href":"https:\/\/www.voltaire-avocats.com\/fr\/wp-json\/wp\/v2\/types\/post"}],"author":[{"embeddable":true,"href":"https:\/\/www.voltaire-avocats.com\/fr\/wp-json\/wp\/v2\/users\/3"}],"replies":[{"embeddable":true,"href":"https:\/\/www.voltaire-avocats.com\/fr\/wp-json\/wp\/v2\/comments?post=22347"}],"version-history":[{"count":0,"href":"https:\/\/www.voltaire-avocats.com\/fr\/wp-json\/wp\/v2\/posts\/22347\/revisions"}],"wp:featuredmedia":[{"embeddable":true,"href":"https:\/\/www.voltaire-avocats.com\/fr\/wp-json\/wp\/v2\/media\/22345"}],"wp:attachment":[{"href":"https:\/\/www.voltaire-avocats.com\/fr\/wp-json\/wp\/v2\/media?parent=22347"}],"wp:term":[{"taxonomy":"category","embeddable":true,"href":"https:\/\/www.voltaire-avocats.com\/fr\/wp-json\/wp\/v2\/categories?post=22347"},{"taxonomy":"post_tag","embeddable":true,"href":"https:\/\/www.voltaire-avocats.com\/fr\/wp-json\/wp\/v2\/tags?post=22347"}],"curies":[{"name":"wp","href":"https:\/\/api.w.org\/{rel}","templated":true}]}}