{"id":22569,"date":"2023-03-23T08:49:02","date_gmt":"2023-03-23T07:49:02","guid":{"rendered":"https:\/\/www.voltaire-avocats.com\/?p=22569"},"modified":"2023-03-23T08:49:03","modified_gmt":"2023-03-23T07:49:03","slug":"precisions-de-la-cour-de-cassation-sur-la-notion-de-cadres-dirigeants","status":"publish","type":"post","link":"https:\/\/www.voltaire-avocats.com\/fr\/precisions-de-la-cour-de-cassation-sur-la-notion-de-cadres-dirigeants\/","title":{"rendered":"Pr\u00e9cisions de la Cour de cassation sur la notion de cadre dirigeant au regard notamment des d\u00e9l\u00e9gations et subd\u00e9l\u00e9gations de pouvoirs"},"content":{"rendered":"<p class=\"ql-align-justify\">Dans un arr\u00eat du 15 mars 2023 (n\u00b0 21-21.632), la Cour de cassation est venue apporter des pr\u00e9cisions sur la notion de cadre dirigeant et, en particulier, sur la notion d\u2019autonomie en cas de recours aux d\u00e9l\u00e9gations et subd\u00e9l\u00e9gations de pouvoirs.<\/p>\n<p class=\"ql-align-justify\"><\/p>\n<p class=\"ql-align-justify\">Aux termes de l&rsquo;article L. 3111-2 du code du travail <em>\u00ab\u00a0sont consid\u00e9r\u00e9s comme ayant la qualit\u00e9 de cadres dirigeants les cadres auxquels sont confi\u00e9es des responsabilit\u00e9s dont l&rsquo;importance implique une grande ind\u00e9pendance dans l&rsquo;organisation de leur emploi du temps, qui sont habilit\u00e9s \u00e0 prendre des d\u00e9cisions de fa\u00e7on largement autonome et qui per\u00e7oivent une r\u00e9mun\u00e9ration se situant dans les niveaux les plus \u00e9lev\u00e9s des syst\u00e8mes de r\u00e9mun\u00e9ration pratiqu\u00e9s dans leur entreprise ou \u00e9tablissement\u00a0\u00bb. <\/em><\/p>\n<p class=\"ql-align-justify\">\u00a0<\/p>\n<p class=\"ql-align-justify\">Pour la Cour de cassation, ces crit\u00e8res cumulatifs impliquent que seuls rel\u00e8vent de cette cat\u00e9gorie les cadres participant \u00e0 la direction de l&rsquo;entreprise.<\/p>\n<p class=\"ql-align-justify\">\u00a0<\/p>\n<p class=\"ql-align-justify\">En l\u2019esp\u00e8ce, le salari\u00e9 avait contest\u00e9 sa qualit\u00e9 de cadre dirigeant et form\u00e9 une demande au titre des heures suppl\u00e9mentaires, d&rsquo;heures travaill\u00e9es pendant les cong\u00e9s pay\u00e9s et la maladie, de dommages-int\u00e9r\u00eats pour non-respect des repos et dur\u00e9es maximales du travail et d&rsquo;indemnit\u00e9 pour travail dissimul\u00e9 en faisant valoir\u00a0:<\/p>\n<p class=\"ql-align-justify\">\u00a0<\/p>\n<p class=\"ql-align-justify\">&#8211;\u00a0\u00a0\u00a0\u00a0\u00a0\u00a0l&rsquo;article 2-3 c) de l&rsquo;annexe VII \u00e0 la convention collective nationale du personnel des institutions de retraite compl\u00e9mentaire qui dispose que pour b\u00e9n\u00e9ficier de la qualit\u00e9 de cadre dirigeant, les salari\u00e9s doivent r\u00e9pondre \u00e0 trois crit\u00e8res cumulatifs dont celui de \u00ab\u00a0<em>b\u00e9n\u00e9ficier dans le cadre des orientation donn\u00e9es par le conseil d&rsquo;administration de l&rsquo;institution, d&rsquo;une large autonomie de d\u00e9cision au moyen de d\u00e9l\u00e9gations qui leur permettent d&rsquo;engager de mani\u00e8re substantielle le fonctionnement de l&rsquo;institution\u00a0\u00bb,<\/em><\/p>\n<p class=\"ql-align-justify\">\u00a0<\/p>\n<p class=\"ql-align-justify\">&#8211;\u00a0\u00a0\u00a0\u00a0\u00a0\u00a0qu\u2019il ne b\u00e9n\u00e9ficiait que de subd\u00e9l\u00e9gations de pouvoirs du directeur g\u00e9n\u00e9ral qui avait lui-m\u00eame re\u00e7u d\u00e9l\u00e9gation de pouvoirs du conseil d&rsquo;administration en mati\u00e8re de gestion du personnel, qui \u00e9tait signataire de toutes les lettres de convocation \u00e0 entretien pr\u00e9alable et des lettres de licenciement, qui validait le montant des provisions pour risques li\u00e9s aux licenciements prononc\u00e9s et qui d\u00e9cidait de la r\u00e9daction des proc\u00e8s-verbaux des r\u00e9unions du comit\u00e9 d&rsquo;entreprise.<\/p>\n<p class=\"ql-align-justify\">\u00a0<\/p>\n<p class=\"ql-align-justify\">Les juges du fond avaient reconnu la qualit\u00e9 de cadre dirigeant au salari\u00e9 et l\u2019avaient d\u00e9bout\u00e9 de ses demandes au motif que\u00a0:<\/p>\n<p class=\"ql-align-justify\">\u00a0<\/p>\n<p class=\"ql-align-justify\">&#8211;\u00a0\u00a0\u00a0\u00a0\u00a0\u00a0quand bien m\u00eame il en r\u00e9f\u00e9rait \u00e0 son directeur g\u00e9n\u00e9ral qui validait les chiffrages effectu\u00e9s par le directeur des ressources humaines, il disposait d\u2019une grande marge de man\u0153uvre dans la d\u00e9finition des orientations strat\u00e9giques en mati\u00e8re juridique et de risque li\u00e9 aux ruptures de contrats de travail envisag\u00e9es,<\/p>\n<p class=\"ql-align-justify\">\u00a0<\/p>\n<p class=\"ql-align-justify\">&#8211;\u00a0\u00a0\u00a0\u00a0\u00a0\u00a0que le salari\u00e9 b\u00e9n\u00e9ficiait de subd\u00e9l\u00e9gations pour proc\u00e9der \u00e0 la signature des contrats de travail et de leurs avenants, \u00e0 l&rsquo;engagement de diverses d\u00e9penses, telles l&rsquo;assistance et la sous-traitance ext\u00e9rieure, frais g\u00e9n\u00e9raux incluant les imp\u00f4ts et taxes et frais de personnel incluant le paiement des salaires,<\/p>\n<p class=\"ql-align-justify\">\u00a0<\/p>\n<p class=\"ql-align-justify\">&#8211;\u00a0\u00a0\u00a0\u00a0\u00a0\u00a0que le salari\u00e9 s&rsquo;\u00e9tait vu confier des responsabilit\u00e9s de direction des ressources humaines et de la communication dont l&rsquo;importance impliquait une grande ind\u00e9pendance dans l&rsquo;organisation de son emploi du temps et qu&rsquo;il percevait une r\u00e9mun\u00e9ration se situant dans les niveaux les plus \u00e9lev\u00e9s de l&rsquo;entreprise.<\/p>\n<p class=\"ql-align-justify\">\u00a0<\/p>\n<p class=\"ql-align-justify\">La Haute juridiction a cass\u00e9 l\u2019arr\u00eat de Cour d\u2019appel au visa de l\u2019article L. 3111-2 du Code du travail et de l&rsquo;article 2-3 c) de l&rsquo;annexe VII \u00e0 la convention collective nationale du personnel des institutions de retraite compl\u00e9mentaire\u00a0:<\/p>\n<p class=\"ql-align-justify\">\u00a0<\/p>\n<p class=\"ql-align-justify\"><em>\u00ab\u00a0En statuant ainsi, alors qu&rsquo;il ressortait de ses constatations que le salari\u00e9 b\u00e9n\u00e9ficiait, de la part du directeur g\u00e9n\u00e9ral, seul titulaire des d\u00e9l\u00e9gations de la part du conseil d&rsquo;administration, de subd\u00e9l\u00e9gations et qu&rsquo;il devait, en d\u00e9pit d&rsquo;une grande autonomie dans l&rsquo;exercice de ses fonctions, en r\u00e9f\u00e9rer au directeur g\u00e9n\u00e9ral, qu&rsquo;il ne signait ni les lettres de convocation \u00e0 l&rsquo;entretien pr\u00e9alable, ni les lettres de licenciement, ce dont elle aurait d\u00fb d\u00e9duire que le salari\u00e9 n&rsquo;avait pas la qualit\u00e9 de cadre dirigeant, la cour d&rsquo;appel a viol\u00e9 les textes susvis\u00e9s\u00a0\u00bb.<\/em><\/p>\n<p><\/p>\n<p>Le degr\u00e9 d&rsquo;autonomie a donc son importance dans l&rsquo;appr\u00e9ciation de la qualit\u00e9 de cadre dirigeant.<\/p>\n<p><\/p>\n<p>.<a href=\"https:\/\/app.voltaire-avocats.com\/uploads\/net.portailpro.voltaireavocats\/article\/Cadre_dirigeant_-_pourvoi_n21-21632_15_03_2023_230321_082322.pdf\" target=\"_blank\" rel=\"noopener\">Voir document<\/a><\/p>\n","protected":false},"excerpt":{"rendered":"<p>\u00a0Dans un arr\u00eat du 15 mars 2023 (n\u00b0 21-21.632), la Cour de cassation est venue apporter des pr\u00e9cisions sur la notion de cadre dirigeant et, en particulier, sur la notion d\u2019autonomie.<\/p>\n","protected":false},"author":3,"featured_media":22567,"comment_status":"open","ping_status":"open","sticky":false,"template":"","format":"standard","meta":{"_acf_changed":false,"_seopress_robots_primary_cat":"","_seopress_titles_title":"","_seopress_titles_desc":"","_seopress_robots_index":"","footnotes":""},"categories":[31],"tags":[],"class_list":["post-22569","post","type-post","status-publish","format-standard","has-post-thumbnail","hentry","category-actualites-en-droit-social"],"acf":[],"_links":{"self":[{"href":"https:\/\/www.voltaire-avocats.com\/fr\/wp-json\/wp\/v2\/posts\/22569","targetHints":{"allow":["GET"]}}],"collection":[{"href":"https:\/\/www.voltaire-avocats.com\/fr\/wp-json\/wp\/v2\/posts"}],"about":[{"href":"https:\/\/www.voltaire-avocats.com\/fr\/wp-json\/wp\/v2\/types\/post"}],"author":[{"embeddable":true,"href":"https:\/\/www.voltaire-avocats.com\/fr\/wp-json\/wp\/v2\/users\/3"}],"replies":[{"embeddable":true,"href":"https:\/\/www.voltaire-avocats.com\/fr\/wp-json\/wp\/v2\/comments?post=22569"}],"version-history":[{"count":0,"href":"https:\/\/www.voltaire-avocats.com\/fr\/wp-json\/wp\/v2\/posts\/22569\/revisions"}],"wp:featuredmedia":[{"embeddable":true,"href":"https:\/\/www.voltaire-avocats.com\/fr\/wp-json\/wp\/v2\/media\/22567"}],"wp:attachment":[{"href":"https:\/\/www.voltaire-avocats.com\/fr\/wp-json\/wp\/v2\/media?parent=22569"}],"wp:term":[{"taxonomy":"category","embeddable":true,"href":"https:\/\/www.voltaire-avocats.com\/fr\/wp-json\/wp\/v2\/categories?post=22569"},{"taxonomy":"post_tag","embeddable":true,"href":"https:\/\/www.voltaire-avocats.com\/fr\/wp-json\/wp\/v2\/tags?post=22569"}],"curies":[{"name":"wp","href":"https:\/\/api.w.org\/{rel}","templated":true}]}}