{"id":22686,"date":"2023-04-06T12:48:08","date_gmt":"2023-04-06T10:48:08","guid":{"rendered":"https:\/\/www.voltaire-avocats.com\/?p=22686"},"modified":"2023-04-06T12:48:09","modified_gmt":"2023-04-06T10:48:09","slug":"rappel-par-la-cour-de-cassation-des-effets-du-principe-non-bis-in-idem","status":"publish","type":"post","link":"https:\/\/www.voltaire-avocats.com\/fr\/rappel-par-la-cour-de-cassation-des-effets-du-principe-non-bis-in-idem\/","title":{"rendered":"Rappel par la Cour de Cassation des effets du principe non bis in idem"},"content":{"rendered":"<p class=\"ql-align-justify\">\u00a0Au cas d\u2019esp\u00e8ce, la Poste avait engag\u00e9 une proc\u00e9dure disciplinaire en convoquant un salari\u00e9 \u00e0 un entretien pr\u00e9alable et avait notifi\u00e9 ult\u00e9rieurement une mise \u00e0 pied \u00e0 titre conservatoire, apr\u00e8s la r\u00e9union de la commission consultative paritaire pr\u00e9vue par les dispositions sp\u00e9cifiques applicables \u00e0 la Poste, sans invoquer, \u00e0 l\u2019appui de cette mise \u00e0 pied \u00e0 titre conservatoire, de faits nouveaux post\u00e9rieurs \u00e0 l&rsquo;engagement de la proc\u00e9dure disciplinaire initiale.<\/p>\n<p class=\"ql-align-justify\">\u00a0<\/p>\n<p class=\"ql-align-justify\">Le salari\u00e9 avait soulev\u00e9 que cette mise \u00e0 pied s\u2019analysait en une sanction disciplinaire, argument n&rsquo;ayant pas convaincu la cour d\u2019appel d\u2019Aix en Provence, qui avait valid\u00e9 le licenciement pour faute grave.<\/p>\n<p class=\"ql-align-justify\">\u00a0<\/p>\n<p class=\"ql-align-justify\">Saisie d\u2019un pourvoi, la Cour de Cassation casse et annule l\u2019arr\u00eat, en jugeant que la cour d&rsquo;appel a viol\u00e9, le principe non bis in idem et l\u2019article L.1331-1 du Code du travail. La Cour de Cassation rel\u00e8ve que d\u00e8s lors que la proc\u00e9dure disciplinaire a \u00e9t\u00e9 engag\u00e9e le 6 juillet 2015 par la convocation du salari\u00e9 \u00e0 un entretien pr\u00e9alable fix\u00e9 le 16 juillet 2015 et qu&rsquo;il n&rsquo;a \u00e9t\u00e9 mis \u00e0 pied que le 28 ao\u00fbt 2015, apr\u00e8s la r\u00e9union de la commission consultative paritaire, sans que l&#8217;employeur n&rsquo;invoque la survenance de faits nouveaux post\u00e9rieurs \u00e0 l&rsquo;engagement de la proc\u00e9dure disciplinaire, la mise \u00e0 pied prononc\u00e9e avait un caract\u00e8re disciplinaire.<\/p>\n<p class=\"ql-align-justify\">\u00a0<\/p>\n<p class=\"ql-align-justify\">Une mise \u00e0 pied conservatoire notifi\u00e9e tardivement \u00e0 un salari\u00e9, sans faits nouveaux \u00e0 l\u2019appui de celle-ci, peut donc s\u2019analyser en une sanction disciplinaire \u00e9puisant le pouvoir disciplinaire et rendant, ipso facto, le licenciement pour grave notifi\u00e9 par l\u2019employeur sans cause r\u00e9elle et s\u00e9rieuse.<\/p>\n<p class=\"ql-align-justify\"><em>\u00a0<\/em><\/p>\n<p class=\"ql-align-justify\"><em>Cass. Soc. 22 mars 2023 n\u00b021-15.648<\/em><\/p>\n<p class=\"ql-align-justify\">\u00a0<\/p>\n<p class=\"ql-align-justify\">\u00a0<\/p>\n<p class=\"ql-align-justify\"><a href=\"https:\/\/www.legifrance.gouv.fr\/juri\/id\/JURITEXT000047350593?init=true&#038;isAdvancedResult=true&#038;numAffaire=21-15648&#038;page=1&#038;pageSize=10&#038;query=%7B%28%40ALL%5Bt%22*%22%5D%29%7D&#038;sortValue=DATE_DESC&#038;tab_selection=juri&#038;typeRecherche=date\" target=\"_blank\" rel=\"noopener\">https:\/\/www.legifrance.gouv.fr\/juri\/id\/JURITEXT000047350593?init=true&#038;isAdvancedResult=true&#038;numAffaire=21-15648&#038;page=1&#038;pageSize=10&#038;query=%7B%28%40ALL%5Bt%22*%22%5D%29%7D&#038;sortValue=DATE_DESC&#038;tab_selection=juri&#038;typeRecherche=date<\/a><\/p>\n<p class=\"ql-align-justify\">\u00a0<\/p>\n<p><\/p>\n","protected":false},"excerpt":{"rendered":"<p>Une mise \u00e0 pied conservatoire notifi\u00e9e tardivement \u00e0 un salari\u00e9 peut s\u2019analyser en une sanction disciplinaire \u00e9puisant le pouvoir disciplinaire et rendant ipso facto le licenciement pour grave notifi\u00e9 par l\u2019employeur sans cause r\u00e9elle et s\u00e9rieuse\u00a0Cass. Soc. 22 mars 2023 n\u00b021-15.648\u00a0<\/p>\n","protected":false},"author":3,"featured_media":22684,"comment_status":"open","ping_status":"open","sticky":false,"template":"","format":"standard","meta":{"_acf_changed":false,"_seopress_robots_primary_cat":"","_seopress_titles_title":"","_seopress_titles_desc":"","_seopress_robots_index":"","footnotes":""},"categories":[31],"tags":[],"class_list":["post-22686","post","type-post","status-publish","format-standard","has-post-thumbnail","hentry","category-actualites-en-droit-social"],"acf":[],"_links":{"self":[{"href":"https:\/\/www.voltaire-avocats.com\/fr\/wp-json\/wp\/v2\/posts\/22686","targetHints":{"allow":["GET"]}}],"collection":[{"href":"https:\/\/www.voltaire-avocats.com\/fr\/wp-json\/wp\/v2\/posts"}],"about":[{"href":"https:\/\/www.voltaire-avocats.com\/fr\/wp-json\/wp\/v2\/types\/post"}],"author":[{"embeddable":true,"href":"https:\/\/www.voltaire-avocats.com\/fr\/wp-json\/wp\/v2\/users\/3"}],"replies":[{"embeddable":true,"href":"https:\/\/www.voltaire-avocats.com\/fr\/wp-json\/wp\/v2\/comments?post=22686"}],"version-history":[{"count":0,"href":"https:\/\/www.voltaire-avocats.com\/fr\/wp-json\/wp\/v2\/posts\/22686\/revisions"}],"wp:featuredmedia":[{"embeddable":true,"href":"https:\/\/www.voltaire-avocats.com\/fr\/wp-json\/wp\/v2\/media\/22684"}],"wp:attachment":[{"href":"https:\/\/www.voltaire-avocats.com\/fr\/wp-json\/wp\/v2\/media?parent=22686"}],"wp:term":[{"taxonomy":"category","embeddable":true,"href":"https:\/\/www.voltaire-avocats.com\/fr\/wp-json\/wp\/v2\/categories?post=22686"},{"taxonomy":"post_tag","embeddable":true,"href":"https:\/\/www.voltaire-avocats.com\/fr\/wp-json\/wp\/v2\/tags?post=22686"}],"curies":[{"name":"wp","href":"https:\/\/api.w.org\/{rel}","templated":true}]}}