{"id":22953,"date":"2023-05-24T13:35:30","date_gmt":"2023-05-24T11:35:30","guid":{"rendered":"https:\/\/www.voltaire-avocats.com\/?p=22953"},"modified":"2023-05-24T13:35:31","modified_gmt":"2023-05-24T11:35:31","slug":"les-effets-dun-licenciement-verbal-peuvent-etre-annihiles-par-la-signature-dune-rupture-conventionnelle","status":"publish","type":"post","link":"https:\/\/www.voltaire-avocats.com\/fr\/les-effets-dun-licenciement-verbal-peuvent-etre-annihiles-par-la-signature-dune-rupture-conventionnelle\/","title":{"rendered":"Les effets d\u2019un licenciement verbal peuvent \u00eatre annihil\u00e9s par la signature d\u2019une rupture conventionnelle"},"content":{"rendered":"<p>La Cour de Cassation, dans un arr\u00eat du 11 mai 2023, rappelle que lorsque le contrat de travail a \u00e9t\u00e9 rompu unilat\u00e9ralement par l\u2019une ou l\u2019autre des parties (licenciement ou d\u00e9mission), la signature post\u00e9rieure d\u2019une rupture conventionnelle valait renonciation commune \u00e0 la rupture pr\u00e9c\u00e9demment intervenue (Cass. soc. 11 mai 2023 n\u00b021-18.117).<\/p>\n<p><\/p>\n<p>Dans cette affaire, les parties avaient sign\u00e9 une rupture conventionnelle qui avait \u00e9t\u00e9 homologu\u00e9e le 30 avril 2017. Plus d\u2019un an apr\u00e8s cette homologation, le salari\u00e9 avait saisi le Conseil de prud\u2019hommes pour soutenir qu\u2019il avait \u00e9t\u00e9 verbalement licenci\u00e9 ant\u00e9rieurement \u00e0 la rupture conventionnelle, ce qui pouvait \u00eatre sanctionn\u00e9 par une indemnit\u00e9 pour licenciement sans cause r\u00e9elle et s\u00e9rieuse.<\/p>\n<p><\/p>\n<p>Le salari\u00e9 avait obtenu gain de cause au fond, y compris devant la Cour d\u2019appel de Paris dont la d\u00e9cision a depuis \u00e9t\u00e9 cass\u00e9e par la Cour de Cassation.<\/p>\n<p><\/p>\n<p>En effet, en signant une rupture conventionnelle, le salari\u00e9 a renonc\u00e9 \u00e0 se pr\u00e9valoir d\u2019un licenciement verbal ant\u00e9rieur.<\/p>\n<p><\/p>\n<p>M\u00eame en cas de licenciement verbal \u00e9tabli, ce dernier n\u2019a pu produire d&rsquo;effet d\u00e8s lors que les parties ont convenu post\u00e9rieurement d\u2019une rupture conventionnelle.<\/p>\n<p><\/p>\n<p>En outre, le salari\u00e9 \u00e9tait irrecevable en ses demandes, d\u00e8s lors qu\u2019il avait introduit son action plus de 12 mois apr\u00e8s la date d\u2019homologation de la rupture conventionnelle.<\/p>\n<p><\/p>\n<p><a href=\"https:\/\/www.courdecassation.fr\/en\/decision\/645c9446e48085d0f84a356f\" target=\"_blank\" rel=\"noopener\">https:\/\/www.courdecassation.fr\/en\/decision\/645c9446e48085d0f84a356f<\/a><\/p>\n<p>\u00a0<\/p>\n<p>\u00a0<\/p>\n<p><\/p>\n","protected":false},"excerpt":{"rendered":"<p>Cass.soc. 11 mai 2023 n\u00b021-18.117<\/p>\n","protected":false},"author":3,"featured_media":22951,"comment_status":"open","ping_status":"open","sticky":false,"template":"","format":"standard","meta":{"_acf_changed":false,"_seopress_robots_primary_cat":"","_seopress_titles_title":"","_seopress_titles_desc":"","_seopress_robots_index":"","footnotes":""},"categories":[31],"tags":[],"class_list":["post-22953","post","type-post","status-publish","format-standard","has-post-thumbnail","hentry","category-actualites-en-droit-social"],"acf":[],"_links":{"self":[{"href":"https:\/\/www.voltaire-avocats.com\/fr\/wp-json\/wp\/v2\/posts\/22953","targetHints":{"allow":["GET"]}}],"collection":[{"href":"https:\/\/www.voltaire-avocats.com\/fr\/wp-json\/wp\/v2\/posts"}],"about":[{"href":"https:\/\/www.voltaire-avocats.com\/fr\/wp-json\/wp\/v2\/types\/post"}],"author":[{"embeddable":true,"href":"https:\/\/www.voltaire-avocats.com\/fr\/wp-json\/wp\/v2\/users\/3"}],"replies":[{"embeddable":true,"href":"https:\/\/www.voltaire-avocats.com\/fr\/wp-json\/wp\/v2\/comments?post=22953"}],"version-history":[{"count":0,"href":"https:\/\/www.voltaire-avocats.com\/fr\/wp-json\/wp\/v2\/posts\/22953\/revisions"}],"wp:featuredmedia":[{"embeddable":true,"href":"https:\/\/www.voltaire-avocats.com\/fr\/wp-json\/wp\/v2\/media\/22951"}],"wp:attachment":[{"href":"https:\/\/www.voltaire-avocats.com\/fr\/wp-json\/wp\/v2\/media?parent=22953"}],"wp:term":[{"taxonomy":"category","embeddable":true,"href":"https:\/\/www.voltaire-avocats.com\/fr\/wp-json\/wp\/v2\/categories?post=22953"},{"taxonomy":"post_tag","embeddable":true,"href":"https:\/\/www.voltaire-avocats.com\/fr\/wp-json\/wp\/v2\/tags?post=22953"}],"curies":[{"name":"wp","href":"https:\/\/api.w.org\/{rel}","templated":true}]}}