{"id":23025,"date":"2023-06-13T09:17:12","date_gmt":"2023-06-13T07:17:12","guid":{"rendered":"https:\/\/www.voltaire-avocats.com\/publication-au-jo-du-decret-relatif-aux-obligations-incombant-aux-entreprises-en-matiere-daccident-de-travail-et-daffichage-sur-un-chantier\/"},"modified":"2023-06-13T09:17:13","modified_gmt":"2023-06-13T07:17:13","slug":"publication-au-jo-du-decret-relatif-aux-obligations-incombant-aux-entreprises-en-matiere-daccident-de-travail-et-daffichage-sur-un-chantier","status":"publish","type":"post","link":"https:\/\/www.voltaire-avocats.com\/fr\/publication-au-jo-du-decret-relatif-aux-obligations-incombant-aux-entreprises-en-matiere-daccident-de-travail-et-daffichage-sur-un-chantier\/","title":{"rendered":"Publication au JO du d\u00e9cret relatif aux obligations incombant aux entreprises en mati\u00e8re d&rsquo;accident de travail et d&rsquo;affichage sur un chantier"},"content":{"rendered":"<p class=\"ql-align-justify\"><span style=\"color: rgb(0, 0, 0);\">A \u00e9t\u00e9 publi\u00e9 au Journal Officiel du 11 juin dernier le d\u00e9cret n\u00b02023-452 du 9 juin 2023 relatif aux obligations incombant aux entreprises en mati\u00e8re d&rsquo;accident de travail et d&rsquo;affichage sur un chantier<\/span><\/p>\n<p class=\"ql-align-justify\"><\/p>\n<p class=\"ql-align-justify\"><span style=\"color: rgb(0, 0, 0);\">Ce d\u00e9cret d\u00e9taille les modalit\u00e9s relatives aux obligations incombant aux entreprises en mati\u00e8re d&rsquo;accident de travail mortel et d&rsquo;affichage sur un chantier, et est entr\u00e9 en vigueur depuis le 12 juin 2023.<\/span><\/p>\n<p class=\"ql-align-justify\"><span style=\"color: rgb(0, 0, 0);\">\u00a0<\/span><\/p>\n<p class=\"ql-align-justify\"><span style=\"color: rgb(0, 0, 0);\">Il\u00a0:<\/span><\/p>\n<p class=\"ql-align-justify\"><span style=\"color: rgb(0, 0, 0);\">\u00a0<\/span><\/p>\n<ul>\n<li class=\"ql-align-justify\"><span style=\"color: rgb(0, 0, 0);\">instaure \u00e0 la charge l&#8217;employeur, dont l&rsquo;un des travailleurs est victime d&rsquo;un accident du travail ayant entra\u00een\u00e9 son d\u00e9c\u00e8s,\u00a0une obligation d&rsquo;information de l&rsquo;inspection du travail de la survenance de cet accident du travail mortel \u00ab\u00a0<\/span><em style=\"color: rgb(0, 0, 0);\">au plus tard dans les douze heures qui suivent le d\u00e9c\u00e8s du travailleur, sauf s&rsquo;il \u00e9tablit qu&rsquo;il n&rsquo;a pu avoir connaissance du d\u00e9c\u00e8s que post\u00e9rieurement \u00e0 l&rsquo;expiration de ce d\u00e9lai<\/em><span style=\"color: rgb(0, 0, 0);\">\u00a0\u00bb (Code du travail, art. R. 4121-5),\u00a0<\/span><\/li>\n<\/ul>\n<p class=\"ql-align-justify\"><span style=\"color: rgb(0, 0, 0);\">\u00a0<\/span><\/p>\n<ul>\n<li class=\"ql-align-justify\"><span style=\"color: rgb(0, 0, 0);\">et cr\u00e9e une sanction p\u00e9nale, en l\u2019occurrence une contravention de la 5<\/span><sup style=\"color: rgb(0, 0, 0);\">\u00e8me<\/sup><span style=\"color: rgb(0, 0, 0);\"> classe (notamment 1.500 euros pour les personnes physiques), pour le non-respect de cette obligation (Code du travail, art. R. 4741-2).<\/span><\/li>\n<\/ul>\n<p class=\"ql-align-justify\"><span style=\"color: rgb(0, 0, 0);\">\u00a0<\/span><\/p>\n<p class=\"ql-align-justify\"><span style=\"color: rgb(0, 0, 0);\">Il pr\u00e9voit \u00e9galement la possibilit\u00e9 de recourir \u00e0 un dispositif num\u00e9rique alternatif au panneau de chantier mat\u00e9riel dans le cadre des chantiers ayant donn\u00e9 lieu \u00e0 la d\u00e9livrance d&rsquo;un permis de construire.<\/span><\/p>\n<p><\/p>\n<p><span style=\"color: rgb(0, 0, 0);\">Il est, \u00e0 tout le moins, \u00ab\u00a0curieux\u00a0\u00bb de mettre \u00e0 la charge des employeurs cette obligation, qui plus est assortie d&rsquo;une sanction p\u00e9nale en cas de non-respect, alors qu&rsquo;en cas de telles circonstances dramatiques, les services de police ou de gendarmerie en sont inform\u00e9s et en font donc part le plus souvent \u00e0 l&rsquo;inspection du travail qui est par ailleurs \u00eatre pr\u00e9venue par les employeurs notamment en cas d&rsquo;enqu\u00eate interne avec les repr\u00e9sentants du personnel.<\/span><\/p>\n<p><\/p>\n<p><a href=\"https:\/\/www.legifrance.gouv.fr\/jorf\/id\/JORFTEXT000047664526\" target=\"_blank\" rel=\"noopener\">https:\/\/www.legifrance.gouv.fr\/jorf\/id\/JORFTEXT000047664526<\/a><\/p>\n<p><\/p>\n","protected":false},"excerpt":{"rendered":"<p>A \u00e9t\u00e9 publi\u00e9 au Journal Officiel du 11 juin dernier le d\u00e9cret n\u00b02023-452 du 9 juin 2023 relatif aux obligations incombant aux entreprises en mati\u00e8re d&rsquo;accident de travail et d&rsquo;affichage sur un chantier Ce d\u00e9cret d\u00e9taille les modalit\u00e9s relatives aux obligations incombant aux entreprises en mati\u00e8re d&rsquo;accident de travail mortel et d&rsquo;affichage sur un chantier, [&hellip;]<\/p>\n","protected":false},"author":3,"featured_media":23023,"comment_status":"open","ping_status":"open","sticky":false,"template":"","format":"standard","meta":{"_acf_changed":false,"_seopress_robots_primary_cat":"","_seopress_titles_title":"","_seopress_titles_desc":"","_seopress_robots_index":"","footnotes":""},"categories":[31],"tags":[],"class_list":["post-23025","post","type-post","status-publish","format-standard","has-post-thumbnail","hentry","category-actualites-en-droit-social"],"acf":[],"_links":{"self":[{"href":"https:\/\/www.voltaire-avocats.com\/fr\/wp-json\/wp\/v2\/posts\/23025","targetHints":{"allow":["GET"]}}],"collection":[{"href":"https:\/\/www.voltaire-avocats.com\/fr\/wp-json\/wp\/v2\/posts"}],"about":[{"href":"https:\/\/www.voltaire-avocats.com\/fr\/wp-json\/wp\/v2\/types\/post"}],"author":[{"embeddable":true,"href":"https:\/\/www.voltaire-avocats.com\/fr\/wp-json\/wp\/v2\/users\/3"}],"replies":[{"embeddable":true,"href":"https:\/\/www.voltaire-avocats.com\/fr\/wp-json\/wp\/v2\/comments?post=23025"}],"version-history":[{"count":0,"href":"https:\/\/www.voltaire-avocats.com\/fr\/wp-json\/wp\/v2\/posts\/23025\/revisions"}],"wp:featuredmedia":[{"embeddable":true,"href":"https:\/\/www.voltaire-avocats.com\/fr\/wp-json\/wp\/v2\/media\/23023"}],"wp:attachment":[{"href":"https:\/\/www.voltaire-avocats.com\/fr\/wp-json\/wp\/v2\/media?parent=23025"}],"wp:term":[{"taxonomy":"category","embeddable":true,"href":"https:\/\/www.voltaire-avocats.com\/fr\/wp-json\/wp\/v2\/categories?post=23025"},{"taxonomy":"post_tag","embeddable":true,"href":"https:\/\/www.voltaire-avocats.com\/fr\/wp-json\/wp\/v2\/tags?post=23025"}],"curies":[{"name":"wp","href":"https:\/\/api.w.org\/{rel}","templated":true}]}}