{"id":23407,"date":"2023-09-18T08:18:04","date_gmt":"2023-09-18T06:18:04","guid":{"rendered":"https:\/\/www.voltaire-avocats.com\/?p=23407"},"modified":"2023-09-18T08:18:06","modified_gmt":"2023-09-18T06:18:06","slug":"inaptitude-attention-a-la-redaction-de-lavis-du-medecin-du-travail","status":"publish","type":"post","link":"https:\/\/www.voltaire-avocats.com\/fr\/inaptitude-attention-a-la-redaction-de-lavis-du-medecin-du-travail\/","title":{"rendered":"Inaptitude : attention \u00e0 la r\u00e9daction de l\u2019avis du m\u00e9decin du travail !"},"content":{"rendered":"<p class=\"ql-align-justify\">La loi n\u00b0 2016-1088 du 8 ao\u00fbt 2016 a pour partie modifi\u00e9 la proc\u00e9dure d\u2019inaptitude, faisant ainsi \u00e9merger un certain nombre d\u2019interrogations que la Cour de cassation est d\u00e9sormais amen\u00e9e \u00e0 trancher.<\/p>\n<p class=\"ql-align-justify\"><\/p>\n<p class=\"ql-align-justify\">Plusieurs questions sont n\u00e9es autour de l\u2019application et de l\u2019interpr\u00e9tation du nouvel article L. 1226-2-1 du Code du travail, lequel pr\u00e9voit que le m\u00e9decin du travail peut <strong>dispenser l\u2019employeur de toute recherche de reclassement<\/strong> si son avis contient <strong>express\u00e9ment <\/strong>l\u2019une des deux mentions suivantes\u00a0: \u00ab\u00a0<strong><em>tout maintien du salari\u00e9 dans un emploi serait gravement pr\u00e9judiciable \u00e0 sa sant\u00e9<\/em><\/strong>\u00a0\u00bb ou \u00ab\u00a0<strong><em>l&rsquo;\u00e9tat de sant\u00e9 du salari\u00e9 fait obstacle \u00e0 tout reclassement dans un emploi<\/em><\/strong>\u00a0\u00bb.<\/p>\n<p class=\"ql-align-justify\"><\/p>\n<p class=\"ql-align-justify\">\u00c0 ce sujet, la Cour de cassation a rendu plusieurs arr\u00eats en 2022, aux termes desquels elle a jug\u00e9 que lorsque l\u2019une de ces deux mentions figurent dans l\u2019avis m\u00e9dical, l\u2019employeur n\u2019est pas tenu de consulter les repr\u00e9sentants du personnel sur le reclassement (Cass. soc., 6 novembre 2022, n\u00b0 21-17.255\u00a0; Cass. soc., 8 juin 2022, n\u00b0 20-22.500).<\/p>\n<p class=\"ql-align-justify\"><\/p>\n<p class=\"ql-align-justify\">Toujours s\u2019agissant de l\u2019application des dispositions pr\u00e9cit\u00e9es de l\u2019article L. 1226-2-1, les juges du Quai de l\u2019horloge ont \u00e9t\u00e9 interrog\u00e9s sur la question de savoir si le fait d\u2019indiquer dans l\u2019avis m\u00e9dical que \u00ab <em>tout maintien du salari\u00e9 dans un emploi <\/em><strong><em>dans l\u2019entreprise<\/em><\/strong><em> serait gravement pr\u00e9judiciable \u00e0 sa sant\u00e9<\/em>\u00a0\u00bb permettait \u00e0 l\u2019employeur d\u2019\u00eatre dispens\u00e9 de recherche de reclassement.<\/p>\n<p class=\"ql-align-justify\"><\/p>\n<p class=\"ql-align-justify\">La Cour, dans un arr\u00eat du 13 septembre 2023, adopte une interpr\u00e9tation stricte des termes de l\u2019article L. 1226-2-1 et confirme l\u2019arr\u00eat d\u2019appel ayant jug\u00e9 que \u00ab\u00a0<strong><em>l\u2019employeur n\u2019\u00e9tait pas dispens\u00e9 de proc\u00e9der \u00e0 des recherches de reclassement et de consulter les d\u00e9l\u00e9gu\u00e9s du personnel<\/em><\/strong>\u00a0\u00bb, d\u00e8s lors qu\u2019<strong>avaient \u00e9t\u00e9 ajout\u00e9s les termes \u00ab\u00a0<em>dans l\u2019entreprise<\/em>\u00a0\u00bb <\/strong>\u00e0 la formule \u00ab <em>tout maintien du salari\u00e9 dans un emploi serait gravement pr\u00e9judiciable \u00e0 sa sant\u00e9 <\/em>\u00bb (Cass. soc., 13 septembre 2023, n\u00b0 22-12.970).<\/p>\n<p class=\"ql-align-justify\"><\/p>\n<p class=\"ql-align-justify\">Cette d\u00e9cision rappelle une nouvelle fois que les employeurs ont int\u00e9r\u00eat \u00e0 faire preuve de vigilance dans le cadre des proc\u00e9dures d\u2019inaptitude et, le cas \u00e9ch\u00e9ant, \u00e0 \u00e9crire au m\u00e9decin du travail afin de faire pr\u00e9ciser son avis.<\/p>\n<p class=\"ql-align-justify\"><\/p>\n<p class=\"ql-align-justify\">Lien vers l\u2019arr\u00eat\u00a0: <a href=\"https:\/\/www.courdecassation.fr\/decision\/65015d51ee1a2205e658164e?search_api_fulltext=22-12.970&#038;op=Rechercher&#038;previousdecisionpage=&#038;previousdecisionindex=&#038;nextdecisionpage=&#038;nextdecisionindex=\" target=\"_blank\" rel=\"noopener\">cliquez ici<\/a><\/p>\n<p><\/p>\n","protected":false},"excerpt":{"rendered":"<p>La loi n\u00b0 2016-1088 du 8 ao\u00fbt 2016 a pour partie modifi\u00e9 la proc\u00e9dure d\u2019inaptitude, faisant ainsi \u00e9merger un certain nombre d\u2019interrogations que la Cour de cassation est d\u00e9sormais amen\u00e9e \u00e0 trancher. Plusieurs questions sont n\u00e9es autour de l\u2019application et de l\u2019interpr\u00e9tation du nouvel article L. 1226-2-1 du Code du travail, lequel pr\u00e9voit que le [&hellip;]<\/p>\n","protected":false},"author":3,"featured_media":23405,"comment_status":"open","ping_status":"open","sticky":false,"template":"","format":"standard","meta":{"_acf_changed":false,"_seopress_titles_title":"","_seopress_titles_desc":"","_seopress_robots_index":"","_seopress_robots_follow":"","_seopress_robots_imageindex":"","_seopress_robots_snippet":"","_seopress_robots_primary_cat":"","_seopress_robots_breadcrumbs":"","_seopress_robots_freeze_modified_date":"","_seopress_robots_custom_modified_date":"","_seopress_robots_canonical":"","_seopress_social_fb_title":"","_seopress_social_fb_desc":"","_seopress_social_fb_img":"","_seopress_social_fb_img_attachment_id":0,"_seopress_social_fb_img_width":0,"_seopress_social_fb_img_height":0,"_seopress_social_twitter_title":"","_seopress_social_twitter_desc":"","_seopress_social_twitter_img":"","_seopress_social_twitter_img_attachment_id":0,"_seopress_social_twitter_img_width":0,"_seopress_social_twitter_img_height":0,"_seopress_redirections_value":"","_seopress_redirections_enabled":"","_seopress_redirections_enabled_regex":"","_seopress_redirections_logged_status":"","_seopress_redirections_param":"","_seopress_redirections_type":0,"_seopress_analysis_target_kw":"","_seopress_news_disabled":"","_seopress_video_disabled":"","_seopress_video":[],"_seopress_pro_schemas_manual":[],"_seopress_pro_rich_snippets_disable_all":"","_seopress_pro_rich_snippets_disable":[],"_seopress_pro_schemas":[],"footnotes":""},"categories":[31],"tags":[],"class_list":["post-23407","post","type-post","status-publish","format-standard","has-post-thumbnail","hentry","category-actualites-en-droit-social"],"acf":[],"_links":{"self":[{"href":"https:\/\/www.voltaire-avocats.com\/fr\/wp-json\/wp\/v2\/posts\/23407","targetHints":{"allow":["GET"]}}],"collection":[{"href":"https:\/\/www.voltaire-avocats.com\/fr\/wp-json\/wp\/v2\/posts"}],"about":[{"href":"https:\/\/www.voltaire-avocats.com\/fr\/wp-json\/wp\/v2\/types\/post"}],"author":[{"embeddable":true,"href":"https:\/\/www.voltaire-avocats.com\/fr\/wp-json\/wp\/v2\/users\/3"}],"replies":[{"embeddable":true,"href":"https:\/\/www.voltaire-avocats.com\/fr\/wp-json\/wp\/v2\/comments?post=23407"}],"version-history":[{"count":0,"href":"https:\/\/www.voltaire-avocats.com\/fr\/wp-json\/wp\/v2\/posts\/23407\/revisions"}],"wp:featuredmedia":[{"embeddable":true,"href":"https:\/\/www.voltaire-avocats.com\/fr\/wp-json\/wp\/v2\/media\/23405"}],"wp:attachment":[{"href":"https:\/\/www.voltaire-avocats.com\/fr\/wp-json\/wp\/v2\/media?parent=23407"}],"wp:term":[{"taxonomy":"category","embeddable":true,"href":"https:\/\/www.voltaire-avocats.com\/fr\/wp-json\/wp\/v2\/categories?post=23407"},{"taxonomy":"post_tag","embeddable":true,"href":"https:\/\/www.voltaire-avocats.com\/fr\/wp-json\/wp\/v2\/tags?post=23407"}],"curies":[{"name":"wp","href":"https:\/\/api.w.org\/{rel}","templated":true}]}}