{"id":23418,"date":"2023-09-20T16:43:23","date_gmt":"2023-09-20T14:43:23","guid":{"rendered":"https:\/\/www.voltaire-avocats.com\/participation-et-mi-temps-therapeutique\/"},"modified":"2023-09-20T16:43:24","modified_gmt":"2023-09-20T14:43:24","slug":"participation-et-mi-temps-therapeutique","status":"publish","type":"post","link":"https:\/\/www.voltaire-avocats.com\/fr\/participation-et-mi-temps-therapeutique\/","title":{"rendered":"Participation et mi-temps th\u00e9rapeutique"},"content":{"rendered":"<p>Dans un arr\u00eat rendu ce jour, la Cour de cassation juge que <strong>la p\u00e9riode pendant laquelle un salari\u00e9, en raison de son \u00e9tat de sant\u00e9, travaille selon un mi-temps th\u00e9rapeutique doit \u00eatre assimil\u00e9e \u00e0 une p\u00e9riode de pr\u00e9sence dans l&rsquo;entreprise, de sorte que le salaire \u00e0 prendre en compte pour le calcul de l&rsquo;assiette de la participation due \u00e0 ce salari\u00e9 est le salaire per\u00e7u avant le mi-temps th\u00e9rapeutique et l&rsquo;arr\u00eat de travail pour maladie l&rsquo;ayant, le cas \u00e9ch\u00e9ant, pr\u00e9c\u00e9d\u00e9.<\/strong><\/p>\n<p>\u00a0<\/p>\n<p>A noter que la Cour de cassation fonde sa d\u00e9cision sur la prohibition de toute discrimination fond\u00e9e sur l\u2019\u00e9tat de sant\u00e9 d\u2019un salari\u00e9, suivant sur ce point l\u2019avis de l\u2019avocat g\u00e9n\u00e9ral pour lequel prendre en compte ce temps partiel th\u00e9rapeutique pour le calcul des droits du salari\u00e9 dans le cadre de la RSP, ce qui revient \u00e0 lui accorder des droits moindres, constitue une discrimination fond\u00e9e sur son \u00e9tat de sant\u00e9.<\/p>\n<p>\u00a0<\/p>\n<p><a href=\"https:\/\/www.courdecassation.fr\/decision\/650a8b69e0a8bb8318102a32?judilibre_juridiction=cc&#038;judilibre_chambre%5b%5d=soc&#038;previousdecisionpage=0&#038;previousdecisionindex=2&#038;nextdecisionpage=0&#038;nextdecisionindex=4\" target=\"_blank\" rel=\"noopener\">https:\/\/www.courdecassation.fr\/decision\/650a8b69e0a8bb8318102a32?judilibre_juridiction=cc&#038;judilibre_chambre[]=soc&#038;previousdecisionpage=0&#038;previousdecisionindex=2&#038;nextdecisionpage=0&#038;nextdecisionindex=4<\/a><\/p>\n<p>\u00a0<\/p>\n<p class=\"img\"><\/p>\n","protected":false},"excerpt":{"rendered":"<p>Dans un arr\u00eat rendu ce jour, la Cour de cassation juge que la p\u00e9riode pendant laquelle un salari\u00e9, en raison de son \u00e9tat de sant\u00e9, travaille selon un mi-temps th\u00e9rapeutique doit \u00eatre assimil\u00e9e \u00e0 une p\u00e9riode de pr\u00e9sence dans l&rsquo;entreprise, de sorte que le salaire \u00e0 prendre en compte pour le calcul de l&rsquo;assiette de [&hellip;]<\/p>\n","protected":false},"author":3,"featured_media":23416,"comment_status":"open","ping_status":"open","sticky":false,"template":"","format":"standard","meta":{"_acf_changed":false,"_seopress_robots_primary_cat":"","_seopress_titles_title":"","_seopress_titles_desc":"","_seopress_robots_index":"","footnotes":""},"categories":[31],"tags":[],"class_list":["post-23418","post","type-post","status-publish","format-standard","has-post-thumbnail","hentry","category-actualites-en-droit-social"],"acf":[],"_links":{"self":[{"href":"https:\/\/www.voltaire-avocats.com\/fr\/wp-json\/wp\/v2\/posts\/23418","targetHints":{"allow":["GET"]}}],"collection":[{"href":"https:\/\/www.voltaire-avocats.com\/fr\/wp-json\/wp\/v2\/posts"}],"about":[{"href":"https:\/\/www.voltaire-avocats.com\/fr\/wp-json\/wp\/v2\/types\/post"}],"author":[{"embeddable":true,"href":"https:\/\/www.voltaire-avocats.com\/fr\/wp-json\/wp\/v2\/users\/3"}],"replies":[{"embeddable":true,"href":"https:\/\/www.voltaire-avocats.com\/fr\/wp-json\/wp\/v2\/comments?post=23418"}],"version-history":[{"count":0,"href":"https:\/\/www.voltaire-avocats.com\/fr\/wp-json\/wp\/v2\/posts\/23418\/revisions"}],"wp:featuredmedia":[{"embeddable":true,"href":"https:\/\/www.voltaire-avocats.com\/fr\/wp-json\/wp\/v2\/media\/23416"}],"wp:attachment":[{"href":"https:\/\/www.voltaire-avocats.com\/fr\/wp-json\/wp\/v2\/media?parent=23418"}],"wp:term":[{"taxonomy":"category","embeddable":true,"href":"https:\/\/www.voltaire-avocats.com\/fr\/wp-json\/wp\/v2\/categories?post=23418"},{"taxonomy":"post_tag","embeddable":true,"href":"https:\/\/www.voltaire-avocats.com\/fr\/wp-json\/wp\/v2\/tags?post=23418"}],"curies":[{"name":"wp","href":"https:\/\/api.w.org\/{rel}","templated":true}]}}