{"id":23742,"date":"2023-10-24T16:47:50","date_gmt":"2023-10-24T14:47:50","guid":{"rendered":"https:\/\/www.voltaire-avocats.com\/un-vent-chaud-souffle-sur-la-cour-de-cassation\/"},"modified":"2023-10-24T16:47:51","modified_gmt":"2023-10-24T14:47:51","slug":"un-vent-chaud-souffle-sur-la-cour-de-cassation","status":"publish","type":"post","link":"https:\/\/www.voltaire-avocats.com\/fr\/un-vent-chaud-souffle-sur-la-cour-de-cassation\/","title":{"rendered":"Un vent chaud souffle sur la Cour de cassation\u2026"},"content":{"rendered":"<p>La Cour de cassation aime d\u00e9cid\u00e9ment cr\u00e9er la surprise ces derniers temps.<\/p>\n<p>&nbsp;<\/p>\n<p>Apr\u00e8s les arr\u00eats du 13 septembre 2023 aux termes desquelles elle n\u2019h\u00e9site pas \u00e0 retenir une solution <em>contra legem<\/em> en mati\u00e8re de cong\u00e9s pay\u00e9s, elle se distingue une fois de plus dans un arr\u00eat rendu le 19 octobre 2023 concernant le suppl\u00e9ment de participation et d\u2019int\u00e9ressement.<\/p>\n<p>&nbsp;<\/p>\n<p>Jusqu\u2019\u00e0 pr\u00e9sent, le droit applicable \u00e9tait parfaitement clair (et simple).<\/p>\n<p>&nbsp;<\/p>\n<p>Les entreprises ayant conclu un accord de participation ou d\u2019int\u00e9ressement peuvent d\u00e9cider de verser un suppl\u00e9ment de r\u00e9serve ou d\u2019int\u00e9ressement au titre du dernier exercice clos. Cette d\u00e9cision appartient au conseil d&rsquo;administration ou au directoire s&rsquo;ils existent ou, \u00e0 d\u00e9faut, \u00e0 l&#8217;employeur.<\/p>\n<p>&nbsp;<\/p>\n<p>Le suppl\u00e9ment est alors vers\u00e9&nbsp;:<\/p>\n<p>&nbsp;<\/p>\n<ul>\n<li><strong><em>\u00ab&nbsp;selon les modalit\u00e9s de r\u00e9partition pr\u00e9vues par l&rsquo;accord de participation <u>ou<\/u> par un accord sp\u00e9cifique conclu selon les modalit\u00e9s pr\u00e9vues \u00e0 l&rsquo;article L. 3322-6&nbsp;\u00bb<\/em><\/strong> (article L. 3324-9 relatif \u00e0 la participation)&nbsp;;<\/li>\n<li><strong><em>\u00ab&nbsp;selon les modalit\u00e9s de r\u00e9partition pr\u00e9vues par l&rsquo;accord d&rsquo;int\u00e9ressement <u>ou<\/u> par un accord sp\u00e9cifique conclu selon les modalit\u00e9s pr\u00e9vues \u00e0 l&rsquo;article L. 3312-5&nbsp;\u00bb<\/em> <\/strong>(article L. 3314-10 relatif \u00e0 l\u2019int\u00e9ressement).<\/li>\n<\/ul>\n<p><strong>&nbsp;<\/strong><\/p>\n<p><strong>En d\u2019autres termes, la r\u00e9partition du suppl\u00e9ment entre les salari\u00e9s s&rsquo;op\u00e8re selon les modalit\u00e9s pr\u00e9vues soit par l&rsquo;accord de participation ou d&rsquo;int\u00e9ressement en vigueur, soit par un accord sp\u00e9cifique. Nul besoin d\u2019un accord sp\u00e9cifique, donc, si le suppl\u00e9ment a vocation \u00e0 \u00eatre vers\u00e9 selon les m\u00eames modalit\u00e9s de r\u00e9partition que celles pr\u00e9vues par l\u2019accord originel.<\/strong><\/p>\n<p>&nbsp;<\/p>\n<p>L\u2019administration s\u2019est toujours prononc\u00e9e en ce sens, que ce soit dans la circulaire N\u00b0 DSS\/5B\/DGT\/RT3\/2007\/199 du 15 mai 2007 ou dans le Guide de l\u2019\u00e9pargne salariale de juillet 2014, ce dernier \u00e9tant parfaitement explicite sur le sujet&nbsp;:<\/p>\n<p>&nbsp;<\/p>\n<p><em>\u00ab&nbsp;L\u2019entreprise dispose de deux possibilit\u00e9s de r\u00e9partition, apr\u00e8s avoir d\u00e9termin\u00e9 le suppl\u00e9ment \u00ab&nbsp;collectif \u00bb de participation qu\u2019elle entend verser \u00e0 ses salari\u00e9s :<\/em><\/p>\n<p><em>&#8211; utiliser les r\u00e8gles fix\u00e9es par l\u2019accord de participation applicable \u00e0 l\u2019exercice consid\u00e9r\u00e9, dans le respect des plafonds collectif et individuel rappel\u00e9s ci-dessus<\/em><\/p>\n<p><em>&#8211; conclure un accord sp\u00e9cifique pour la r\u00e9partition du suppl\u00e9ment.<\/em><\/p>\n<p>&nbsp;<\/p>\n<p>Contre toute attente, la 2<sup>\u00e8me<\/sup> chambre civile de la Cour de cassation adopte une position pour le moins surprenante.<\/p>\n<p>&nbsp;<\/p>\n<p>Dans son arr\u00eat du 19 octobre, la Cour de cassation \u00e9nonce que&nbsp;:<\/p>\n<p>&nbsp;<\/p>\n<ul>\n<li>lorsque l\u2019augmentation de la r\u00e9serve sp\u00e9ciale de participation est n\u00e9goci\u00e9e par la voie collective, le suppl\u00e9ment de participation doit faire l\u2019objet d\u2019un accord sp\u00e9cifique pr\u00e9voyant les modalit\u00e9s de r\u00e9partition entre les salari\u00e9s. Pour ouvrir droit \u00e0 exon\u00e9ration, cet accord sp\u00e9cifique doit avoir \u00e9t\u00e9 d\u00e9pos\u00e9 \u00e0 la DIRECCTE du lieu o\u00f9 il a \u00e9t\u00e9 conclu&nbsp;;<\/li>\n<\/ul>\n<p><\/p>\n<ul>\n<li>lorsqu\u2019un accord d\u2019int\u00e9ressement a \u00e9t\u00e9 n\u00e9goci\u00e9 dans l\u2019entreprise, l\u2019employeur ne peut mettre en \u0153uvre un suppl\u00e9ment d\u2019int\u00e9ressement qu\u2019en application d\u2019un accord sp\u00e9cifique dont l\u2019objet est de pr\u00e9voir les modalit\u00e9s de r\u00e9partition du suppl\u00e9ment d\u2019int\u00e9ressement. Pour ouvrir droit \u00e0 exon\u00e9ration, cet accord sp\u00e9cifique doit avoir \u00e9t\u00e9 d\u00e9pos\u00e9 \u00e0 la DIRECCTE du lieu o\u00f9 il a \u00e9t\u00e9 conclu.<\/li>\n<\/ul>\n<p><\/p>\n<p>Rien ne laisse entendre dans les faits de l\u2019esp\u00e8ce que le suppl\u00e9ment aurait \u00e9t\u00e9 vers\u00e9 selon des modalit\u00e9s de r\u00e9partition diff\u00e9rente de celles pr\u00e9vues par l\u2019accord de participation et d\u2019int\u00e9ressement. Le raisonnement de la Cour de cassation laisse en cons\u00e9quence pour le moins perplexe et l\u2019on attend avec impatience le commentaire de l\u2019arr\u00eat dans la lettre de la 2<sup>\u00e8me<\/sup> chambre civile afin que la Cour nous \u00e9claire de ses lumi\u00e8res. Dans cette attente, on se hasardera \u00e0 penser que la solution est propre aux faits de l\u2019esp\u00e8ce, les suppl\u00e9ments de participation et d\u2019int\u00e9ressement ayant \u00e9t\u00e9 pr\u00e9vus par un accord NAO (\u00e9tant pr\u00e9cis\u00e9 que m\u00eame en retenant cette analyse, on cherche en vain la logique de la solution dans la mesure o\u00f9 l\u2019accord sp\u00e9cifique ne peut porter que sur les seules modalit\u00e9s de r\u00e9partition du suppl\u00e9ment d\u2019int\u00e9ressement ou de participation).<\/p>\n<p>&nbsp;<\/p>\n<p>Nul doute que la jurisprudence est une source de droit. Elle peut \u00e9galement \u00eatre source, comme le d\u00e9montre l\u2019arr\u00eat du 19 octobre, d\u2019une regrettable ins\u00e9curit\u00e9 juridique.<\/p>\n<p>&nbsp;<\/p>\n<p><a href=\"https:\/\/www.courdecassation.fr\/decision\/6530d81d2733048318aefd7f\" target=\"_blank\" rel=\"noopener\">https:\/\/www.courdecassation.fr\/decision\/6530d81d2733048318aefd7f<\/a><\/p>\n<p>&nbsp;<\/p>\n","protected":false},"excerpt":{"rendered":"<p>La Cour de cassation aime d\u00e9cid\u00e9ment cr\u00e9er la surprise ces derniers temps. &nbsp; Apr\u00e8s les arr\u00eats du 13 septembre 2023 aux termes desquelles elle n\u2019h\u00e9site pas \u00e0 retenir une solution contra legem en mati\u00e8re de cong\u00e9s pay\u00e9s, elle se distingue une fois de plus dans un arr\u00eat rendu le 19 octobre 2023 concernant le suppl\u00e9ment [&hellip;]<\/p>\n","protected":false},"author":3,"featured_media":23740,"comment_status":"open","ping_status":"open","sticky":false,"template":"","format":"standard","meta":{"_acf_changed":false,"_seopress_robots_primary_cat":"","_seopress_titles_title":"","_seopress_titles_desc":"","_seopress_robots_index":"","footnotes":""},"categories":[31],"tags":[],"class_list":["post-23742","post","type-post","status-publish","format-standard","has-post-thumbnail","hentry","category-actualites-en-droit-social"],"acf":[],"_links":{"self":[{"href":"https:\/\/www.voltaire-avocats.com\/fr\/wp-json\/wp\/v2\/posts\/23742","targetHints":{"allow":["GET"]}}],"collection":[{"href":"https:\/\/www.voltaire-avocats.com\/fr\/wp-json\/wp\/v2\/posts"}],"about":[{"href":"https:\/\/www.voltaire-avocats.com\/fr\/wp-json\/wp\/v2\/types\/post"}],"author":[{"embeddable":true,"href":"https:\/\/www.voltaire-avocats.com\/fr\/wp-json\/wp\/v2\/users\/3"}],"replies":[{"embeddable":true,"href":"https:\/\/www.voltaire-avocats.com\/fr\/wp-json\/wp\/v2\/comments?post=23742"}],"version-history":[{"count":0,"href":"https:\/\/www.voltaire-avocats.com\/fr\/wp-json\/wp\/v2\/posts\/23742\/revisions"}],"wp:featuredmedia":[{"embeddable":true,"href":"https:\/\/www.voltaire-avocats.com\/fr\/wp-json\/wp\/v2\/media\/23740"}],"wp:attachment":[{"href":"https:\/\/www.voltaire-avocats.com\/fr\/wp-json\/wp\/v2\/media?parent=23742"}],"wp:term":[{"taxonomy":"category","embeddable":true,"href":"https:\/\/www.voltaire-avocats.com\/fr\/wp-json\/wp\/v2\/categories?post=23742"},{"taxonomy":"post_tag","embeddable":true,"href":"https:\/\/www.voltaire-avocats.com\/fr\/wp-json\/wp\/v2\/tags?post=23742"}],"curies":[{"name":"wp","href":"https:\/\/api.w.org\/{rel}","templated":true}]}}