{"id":23775,"date":"2023-10-29T08:48:54","date_gmt":"2023-10-29T07:48:54","guid":{"rendered":"https:\/\/www.voltaire-avocats.com\/prime-exceptionnelle-de-pouvoir-dachat-et-salaries-interimaires\/"},"modified":"2023-10-29T08:48:55","modified_gmt":"2023-10-29T07:48:55","slug":"prime-exceptionnelle-de-pouvoir-dachat-et-salaries-interimaires","status":"publish","type":"post","link":"https:\/\/www.voltaire-avocats.com\/fr\/prime-exceptionnelle-de-pouvoir-dachat-et-salaries-interimaires\/","title":{"rendered":"Prime exceptionnelle de pouvoir d\u2019achat et salari\u00e9s int\u00e9rimaires"},"content":{"rendered":"<p>Les arr\u00eats de la Cour de cassation relatifs \u00e0 la prime exceptionnelle de pouvoir d\u2019achat (d\u00e9sormais d\u00e9nomm\u00e9e \u00ab&nbsp;prime de partage de la valeur&nbsp;\u00bb) sont suffisamment rares pour \u00eatre soulign\u00e9s.<\/p>\n<p>&nbsp;<\/p>\n<p>Apr\u00e8s la question du traitement de la p\u00e9riode de cong\u00e9 de reclassement dans le cadre d\u2019un droit \u00e0 la PEPA (Cass. Soc. 19 avril 2023, n\u00b0 21-23.092), la Cour de cassation se penche, dans deux arr\u00eats du 25 octobre 2023, sur la situation des salari\u00e9s temporaires ex\u00e9cutant des missions d\u2019int\u00e9rim au sein d\u2019une entreprise utilisatrice versant la PEPA \u00e0 ses salari\u00e9s permanents.<\/p>\n<p>&nbsp;<\/p>\n<p><strong><u>Dans une premi\u00e8re esp\u00e8ce<\/u><\/strong>, l\u2019entreprise de travail temporaire avait mis en place au profit de ses salari\u00e9s permanents et temporaires, par d\u00e9cision unilat\u00e9rale du 28 d\u00e9cembre 2018, une PEPA en application de l\u2019article 1<sup>er<\/sup> de la loi n\u00b0 2018-1213 du 24 d\u00e9cembre 2018. L\u2019entreprise utilisatrice, par d\u00e9cision unilat\u00e9rale du 29 janvier 2019, avait de son c\u00f4t\u00e9 d\u00e9cid\u00e9 de mettre en place cette prime au profit de ses salari\u00e9s li\u00e9s \u00e0 la soci\u00e9t\u00e9 par un contrat de travail au 31 d\u00e9cembre 2018.<\/p>\n<p>&nbsp;<\/p>\n<p>Plusieurs salari\u00e9s int\u00e9rimaires ont saisi la juridiction prud\u2019homale de demandes tendant au paiement par l\u2019entreprise de travail temporaire de la PEPA mise en place par l\u2019entreprise utilisatrice.<\/p>\n<p>&nbsp;<\/p>\n<p>Notons que l\u2019article 1<sup>er<\/sup> de la loi du 24 d\u00e9cembre 2018 ne comportait aucune disposition concernant les salari\u00e9s temporaires. Dans une instruction du interminist\u00e9rielle N\u00b0DSS\/5B\/5D\/2019\/2 du 4 janvier 2019, l\u2019administration avait cependant pr\u00e9cis\u00e9 que&nbsp;:<\/p>\n<p>&nbsp;<\/p>\n<p><em>\u00ab&nbsp;Les salari\u00e9s int\u00e9rimaires b\u00e9n\u00e9ficient de la prime exceptionnelle vers\u00e9e par l\u2019entreprise de travail temporaire dans les m\u00eames conditions que les salari\u00e9s permanents de l\u2019entreprise de travail temporaire.<\/em><\/p>\n<p><em>L\u2019entreprise utilisatrice peut verser aux salari\u00e9s int\u00e9rimaires pr\u00e9sents dans l\u2019entreprise une prime exceptionnelle, au m\u00eame titre que ses propres salari\u00e9s, conform\u00e9ment aux dispositions des articles L. 1251-18 et L. 1251-43 alin\u00e9a 6 du code du travail. L\u2019entreprise utilisatrice devra communiquer \u00e0 l\u2019entreprise de travail temporaire (ETT) la d\u00e9cision unilat\u00e9rale ou l\u2019accord ayant donn\u00e9 lieu \u00e0 l\u2019attribution de la prime pour que l\u2019ETT puisse effectuer le paiement de la prime aux salari\u00e9s concern\u00e9s. Cette prime exceptionnelle ouvre alors droit aux m\u00eames exon\u00e9rations que celles applicables aux primes vers\u00e9es \u00e0 l\u2019ensemble des salari\u00e9s de l\u2019entreprise utilisatrice.<\/em><\/p>\n<p><em>L\u2019entreprise de travail temporaire dont une partie des salari\u00e9s int\u00e9rimaires a b\u00e9n\u00e9fici\u00e9 d\u2019une prime vers\u00e9e par les entreprises utilisatrices ne peut \u00eatre tenue de verser cette prime \u00e0 ses salari\u00e9s int\u00e9rimaires en mission dans d\u2019autres entreprises utilisatrices.&nbsp;\u00bb<\/em><\/p>\n<p><em>&nbsp;<\/em><\/p>\n<p>Se fondant sur les dispositions des articles L. 1251-18 et L. 1251-43 du Code du travail, aux termes desquels la r\u00e9mun\u00e9ration, au sens de l&rsquo;article L. 3221-3 du code du travail, per\u00e7ue par le salari\u00e9 int\u00e9rimaire, ne peut \u00eatre inf\u00e9rieure \u00e0 celle pr\u00e9vue au contrat de mise \u00e0 disposition, telle que d\u00e9finie au 6\u00b0 de l&rsquo;article L. 1251-43 du m\u00eame code, que percevrait dans l&rsquo;entreprise utilisatrice, apr\u00e8s p\u00e9riode d&rsquo;essai, un salari\u00e9 de qualification professionnelle \u00e9quivalente occupant le m\u00eame poste de travail, la Cour de cassation \u00e9nonce que&nbsp;:<\/p>\n<p><strong>&nbsp;<\/strong><\/p>\n<ul>\n<li><strong>la PEPA, qui constitue un accessoire pay\u00e9 par l&#8217;employeur, entre dans la r\u00e9mun\u00e9ration du salari\u00e9&nbsp;;<\/strong><\/li>\n<li><strong>l&rsquo;article 1<\/strong><sup><strong>er<\/strong><\/sup><strong> de la loi n\u00b0 2018-1213 du 24 d\u00e9cembre 2018 ne d\u00e9roge pas \u00e0 l&rsquo;article L. 1251-18 du Code du travail&nbsp;;<\/strong><\/li>\n<li><strong>le r\u00e8glement de la PEPA en ex\u00e9cution de son engagement unilat\u00e9ral ne dispensait pas l&rsquo;entreprise de travail temporaire du paiement de celle institu\u00e9e au sein de l&rsquo;entreprise utilisatrice au profit des salari\u00e9s permanents de cette derni\u00e8re, \u00e0 laquelle elle ne pouvait se substituer.<\/strong><\/li>\n<\/ul>\n<p><strong>&nbsp;<\/strong><\/p>\n<p><strong>En d\u2019autres termes, les salari\u00e9s temporaires peuvent cumuler la prime vers\u00e9e par l\u2019entreprise utilisatrice avec celle mise en place par l\u2019entreprise de travail temporaire.<\/strong><\/p>\n<p><strong>&nbsp;<\/strong><\/p>\n<p><strong><u>Dans une seconde esp\u00e8ce<\/u>, <\/strong>l\u2019entreprise utilisatrice avait d\u00e9cid\u00e9 de mettre en place une PEPA au profit de ses salari\u00e9s. La d\u00e9cision unilat\u00e9rale instituant cette prime excluait les salari\u00e9s en contrat d\u2019int\u00e9rim au 31 d\u00e9cembre 2018.<\/p>\n<p>&nbsp;<\/p>\n<p>La Cour d\u2019appel avait d\u00e9bout\u00e9 le syndicat agissant en faveur de la salari\u00e9e temporaire en retenant que l\u2019entreprise utilisatrice avait clairement stipul\u00e9 dans sa d\u00e9cision unilat\u00e9rale qu\u2019elle ne souhaitait pas donner cette PEPA aux int\u00e9rimaires.<\/p>\n<p>&nbsp;<\/p>\n<p>Cette motivation est censur\u00e9e par la Cour de cassation, celle-ci \u00e9non\u00e7ant \u00e0 nouveau que l\u2019article 1<sup>er<\/sup> de la loi du 24 d\u00e9cembre 2018 ne d\u00e9roge pas \u00e0 l\u2019article L. 1251-18 du Code du travail consacrant le principe d\u2019\u00e9galit\u00e9 de traitement entre salari\u00e9s permanents et int\u00e9rimaire.<\/p>\n<p class=\"ql-align-center\"><strong>&nbsp;<\/strong><\/p>\n<p class=\"ql-align-center\"><strong>***<\/strong><\/p>\n<p><strong>&nbsp;<\/strong><\/p>\n<p>Ces solutions sont transposables \u00e0 la PPV. L\u2019article 1<sup>er<\/sup> de la loi du 16 ao\u00fbt 2022 relative \u00e0 la PPV pr\u00e9voit en effet express\u00e9ment que l\u2019entreprise utilisatrice qui attribue cette prime \u00e0 ses salari\u00e9s en informe sans d\u00e9lai l\u2019ETT dont rel\u00e8ve le salari\u00e9 temporaire mis \u00e0 sa disposition, laquelle en informe sans d\u00e9lai son CSE lorsqu\u2019il existe et verse la prime au salari\u00e9 temporaire, selon les conditions et les modalit\u00e9s fix\u00e9es par l\u2019accord ou la d\u00e9cision de l\u2019entreprise utilisatrice.<\/p>\n<p>&nbsp;<\/p>\n<p>L\u2019Instruction relative \u00e0 la PPV, int\u00e9gr\u00e9e au BOSS, rappelle \u00e0 ce titre que <em>\u00ab&nbsp;Lorsqu\u2019une prime est attribu\u00e9e \u00e0 un m\u00eame salari\u00e9 par plusieurs EU ou par une ou plusieurs EU et par l\u2019ETT, chacune des entreprises ayant attribu\u00e9 la prime est consid\u00e9r\u00e9e, pour l\u2019appr\u00e9ciation du respect des conditions d\u2019attributions pr\u00e9vues par le pr\u00e9sent dispositif, comme un employeur distinct&nbsp;\u00bb.<\/em><\/p>\n<p><\/p>\n<p>Les entreprises utilisatrices ont tout int\u00e9r\u00eat \u00e0 communiquer \u00e0 l&rsquo;ETT les \u00e9l\u00e9ments n\u00e9cessaires permettant \u00e0 celles-ci de verser la PPV aux salari\u00e9s int\u00e9rimaires afin d&rsquo;\u00e9viter toute mise en cause par l&rsquo;ETT. <\/p>\n<p><\/p>\n<p><a href=\"https:\/\/www.courdecassation.fr\/decision\/6538b17d7ffc2c8318edfd53\" target=\"_blank\" rel=\"noopener\"><strong>https:\/\/www.courdecassation.fr\/decision\/6538b17d7ffc2c8318edfd53<\/strong><\/a><\/p>\n<p><strong>&nbsp;<\/strong><\/p>\n<p><a href=\"https:\/\/www.courdecassation.fr\/decision\/6538b1707ffc2c8318edfd51\" target=\"_blank\" rel=\"noopener\"><strong>https:\/\/www.courdecassation.fr\/decision\/6538b1707ffc2c8318edfd51<\/strong><\/a><\/p>\n<p><strong>&nbsp;<\/strong><\/p>\n<p><strong>&nbsp;<\/strong><\/p>\n<p><strong>&nbsp;<\/strong><\/p>\n<p><strong>&nbsp;<\/strong><\/p>\n","protected":false},"excerpt":{"rendered":"<p>Les arr\u00eats de la Cour de cassation relatifs \u00e0 la prime exceptionnelle de pouvoir d\u2019achat (d\u00e9sormais d\u00e9nomm\u00e9e \u00ab&nbsp;prime de partage de la valeur&nbsp;\u00bb) sont suffisamment rares pour \u00eatre soulign\u00e9s. &nbsp; Apr\u00e8s la question du traitement de la p\u00e9riode de cong\u00e9 de reclassement dans le cadre d\u2019un droit \u00e0 la PEPA (Cass. Soc. 19 avril 2023, [&hellip;]<\/p>\n","protected":false},"author":3,"featured_media":23773,"comment_status":"open","ping_status":"open","sticky":false,"template":"","format":"standard","meta":{"_acf_changed":false,"_seopress_robots_primary_cat":"","_seopress_titles_title":"","_seopress_titles_desc":"","_seopress_robots_index":"","footnotes":""},"categories":[31],"tags":[],"class_list":["post-23775","post","type-post","status-publish","format-standard","has-post-thumbnail","hentry","category-actualites-en-droit-social"],"acf":[],"_links":{"self":[{"href":"https:\/\/www.voltaire-avocats.com\/fr\/wp-json\/wp\/v2\/posts\/23775","targetHints":{"allow":["GET"]}}],"collection":[{"href":"https:\/\/www.voltaire-avocats.com\/fr\/wp-json\/wp\/v2\/posts"}],"about":[{"href":"https:\/\/www.voltaire-avocats.com\/fr\/wp-json\/wp\/v2\/types\/post"}],"author":[{"embeddable":true,"href":"https:\/\/www.voltaire-avocats.com\/fr\/wp-json\/wp\/v2\/users\/3"}],"replies":[{"embeddable":true,"href":"https:\/\/www.voltaire-avocats.com\/fr\/wp-json\/wp\/v2\/comments?post=23775"}],"version-history":[{"count":0,"href":"https:\/\/www.voltaire-avocats.com\/fr\/wp-json\/wp\/v2\/posts\/23775\/revisions"}],"wp:featuredmedia":[{"embeddable":true,"href":"https:\/\/www.voltaire-avocats.com\/fr\/wp-json\/wp\/v2\/media\/23773"}],"wp:attachment":[{"href":"https:\/\/www.voltaire-avocats.com\/fr\/wp-json\/wp\/v2\/media?parent=23775"}],"wp:term":[{"taxonomy":"category","embeddable":true,"href":"https:\/\/www.voltaire-avocats.com\/fr\/wp-json\/wp\/v2\/categories?post=23775"},{"taxonomy":"post_tag","embeddable":true,"href":"https:\/\/www.voltaire-avocats.com\/fr\/wp-json\/wp\/v2\/tags?post=23775"}],"curies":[{"name":"wp","href":"https:\/\/api.w.org\/{rel}","templated":true}]}}