{"id":23779,"date":"2023-10-30T19:13:15","date_gmt":"2023-10-30T18:13:15","guid":{"rendered":"https:\/\/www.voltaire-avocats.com\/?p=23779"},"modified":"2023-10-30T19:13:16","modified_gmt":"2023-10-30T18:13:16","slug":"ccn-de-la-metallurgie-point-sur-la-clause-de-mobilite-geographique","status":"publish","type":"post","link":"https:\/\/www.voltaire-avocats.com\/fr\/ccn-de-la-metallurgie-point-sur-la-clause-de-mobilite-geographique\/","title":{"rendered":"CCN de la m\u00e9tallurgie : point sur la clause de mobilit\u00e9 g\u00e9ographique"},"content":{"rendered":"<p class=\"ql-align-justify\">La nouvelle Convention collective nationale (CCN) de la m\u00e9tallurgie, qui entrera en vigueur \u2013 pour l\u2019essentiel \u2013 le 1<sup>er<\/sup> janvier 2024, pr\u00e9voit des dispositions sp\u00e9cifiques s\u2019agissant de la mobilit\u00e9 des salari\u00e9s (art. 72 et suivants).<\/p>\n<p class=\"ql-align-justify\"><\/p>\n<p class=\"ql-align-justify\">Parmi les diff\u00e9rentes hypoth\u00e8ses de mobilit\u00e9 envisag\u00e9es, la convention vise la mise en \u0153uvre d\u2019une clause de mobilit\u00e9, pour laquelle des dispositions sp\u00e9cifiques sont pr\u00e9vues.<\/p>\n<p class=\"ql-align-justify\"><\/p>\n<p class=\"ql-align-justify\">Elle rappelle classiquement que la clause de mobilit\u00e9 peut \u00eatre ins\u00e9r\u00e9e dans le contrat de travail lorsque la nature de l\u2019emploi la rend n\u00e9cessaire pour le fonctionnement de l&rsquo;entreprise et elle pr\u00e9cise que <strong>l&#8217;emploi du salari\u00e9 doit relever au minimum du groupe d&#8217;emplois D<\/strong>, correspondant \u00e0 la classe d\u2019emploi 7 \u00e0 18 (art. 72.2.2).<\/p>\n<p class=\"ql-align-justify\"><\/p>\n<p class=\"ql-align-justify\">Il conviendra donc d\u00e9sormais de faire preuve de vigilance dans la r\u00e9daction des contrats et d\u2019\u00e9viter l\u2019insertion \u00ab\u00a0automatique\u00a0\u00bb d\u2019une clause de mobilit\u00e9.<\/p>\n<p class=\"ql-align-justify\"><\/p>\n<p class=\"ql-align-justify\">Par ailleurs, la convention rappelle utilement que la clause doit d\u00e9finir de fa\u00e7on pr\u00e9cise sa zone g\u00e9ographique, de mani\u00e8re \u00e0 ce qu&rsquo;au moment de la conclusion de la clause, le salari\u00e9 connaisse pr\u00e9cis\u00e9ment le contenu de l&rsquo;obligation de mobilit\u00e9 d\u00e9coulant de ladite clause.<\/p>\n<p class=\"ql-align-justify\"><\/p>\n<p class=\"ql-align-justify\">La convention pr\u00e9voit \u00e9galement que le salari\u00e9 doit \u00eatre inform\u00e9 de la mise en \u0153uvre de la clause de mobilit\u00e9 <strong>au moins 2 mois avant sa date d&rsquo;application effective<\/strong>, sauf accord entre les parties. Lorsque la clause de mobilit\u00e9 a d\u00e9j\u00e0 \u00e9t\u00e9 appliqu\u00e9e, elle ne pourra pas \u00eatre \u00e0 nouveau mise en \u0153uvre dans les 30 mois suivant sa mise en \u0153uvre pr\u00e9c\u00e9dente, sauf accord entre les parties.<\/p>\n<p class=\"ql-align-justify\"><\/p>\n<p class=\"ql-align-justify\">Toutefois, <strong>ces conditions ne trouvent pas \u00e0 s\u2019appliquer lorsque la mobilit\u00e9 g\u00e9ographique est inh\u00e9rente aux fonctions exerc\u00e9es par le salari\u00e9.<\/strong><\/p>\n<p class=\"ql-align-justify\"><\/p>\n<p class=\"ql-align-justify\">Enfin, lorsque la mise en \u0153uvre de la clause n\u00e9cessite un d\u00e9m\u00e9nagement, le salari\u00e9 a droit \u00e0 la prise en charge, par l&#8217;employeur (art. 72.2.1) :<\/p>\n<p class=\"ql-align-justify\">&#8211;\u00a0\u00a0\u00a0\u00a0\u00a0\u00a0\u00a0des frais de d\u00e9m\u00e9nagement ;<\/p>\n<p class=\"ql-align-justify\">&#8211;\u00a0\u00a0\u00a0\u00a0\u00a0\u00a0\u00a0des frais de transport et d&rsquo;h\u00e9bergement, ainsi que des autres personnes occupant le domicile lors du d\u00e9m\u00e9nagement entre l&rsquo;ancienne et la nouvelle r\u00e9sidence.<\/p>\n<p><\/p>\n","protected":false},"excerpt":{"rendered":"<p>La nouvelle Convention collective nationale (CCN) de la m\u00e9tallurgie, qui entrera en vigueur \u2013 pour l\u2019essentiel \u2013 le 1er janvier 2024, pr\u00e9voit des dispositions sp\u00e9cifiques s\u2019agissant de la mobilit\u00e9 des salari\u00e9s (art. 72 et suivants). Parmi les diff\u00e9rentes hypoth\u00e8ses de mobilit\u00e9 envisag\u00e9es, la convention vise la mise en \u0153uvre d\u2019une clause de mobilit\u00e9, pour laquelle [&hellip;]<\/p>\n","protected":false},"author":3,"featured_media":23777,"comment_status":"open","ping_status":"open","sticky":false,"template":"","format":"standard","meta":{"_acf_changed":false,"_seopress_robots_primary_cat":"","_seopress_titles_title":"","_seopress_titles_desc":"","_seopress_robots_index":"","footnotes":""},"categories":[31],"tags":[],"class_list":["post-23779","post","type-post","status-publish","format-standard","has-post-thumbnail","hentry","category-actualites-en-droit-social"],"acf":[],"_links":{"self":[{"href":"https:\/\/www.voltaire-avocats.com\/fr\/wp-json\/wp\/v2\/posts\/23779","targetHints":{"allow":["GET"]}}],"collection":[{"href":"https:\/\/www.voltaire-avocats.com\/fr\/wp-json\/wp\/v2\/posts"}],"about":[{"href":"https:\/\/www.voltaire-avocats.com\/fr\/wp-json\/wp\/v2\/types\/post"}],"author":[{"embeddable":true,"href":"https:\/\/www.voltaire-avocats.com\/fr\/wp-json\/wp\/v2\/users\/3"}],"replies":[{"embeddable":true,"href":"https:\/\/www.voltaire-avocats.com\/fr\/wp-json\/wp\/v2\/comments?post=23779"}],"version-history":[{"count":0,"href":"https:\/\/www.voltaire-avocats.com\/fr\/wp-json\/wp\/v2\/posts\/23779\/revisions"}],"wp:featuredmedia":[{"embeddable":true,"href":"https:\/\/www.voltaire-avocats.com\/fr\/wp-json\/wp\/v2\/media\/23777"}],"wp:attachment":[{"href":"https:\/\/www.voltaire-avocats.com\/fr\/wp-json\/wp\/v2\/media?parent=23779"}],"wp:term":[{"taxonomy":"category","embeddable":true,"href":"https:\/\/www.voltaire-avocats.com\/fr\/wp-json\/wp\/v2\/categories?post=23779"},{"taxonomy":"post_tag","embeddable":true,"href":"https:\/\/www.voltaire-avocats.com\/fr\/wp-json\/wp\/v2\/tags?post=23779"}],"curies":[{"name":"wp","href":"https:\/\/api.w.org\/{rel}","templated":true}]}}