{"id":23863,"date":"2023-11-16T12:48:42","date_gmt":"2023-11-16T11:48:42","guid":{"rendered":"https:\/\/www.voltaire-avocats.com\/manquement-de-lemployeur-a-son-obligation-de-securite-en-cas-de-non-fourniture-deau-potable-a-son-salarie\/"},"modified":"2023-11-16T12:48:43","modified_gmt":"2023-11-16T11:48:43","slug":"manquement-de-lemployeur-a-son-obligation-de-securite-en-cas-de-non-fourniture-deau-potable-a-son-salarie","status":"publish","type":"post","link":"https:\/\/www.voltaire-avocats.com\/fr\/manquement-de-lemployeur-a-son-obligation-de-securite-en-cas-de-non-fourniture-deau-potable-a-son-salarie\/","title":{"rendered":"Manquement de l\u2019employeur \u00e0 son obligation de s\u00e9curit\u00e9, en cas de non-fourniture d\u2019eau potable \u00e0 son salari\u00e9"},"content":{"rendered":"<p class=\"ql-align-justify\"><span style=\"color: rgb(0, 0, 0); background-color: rgb(250, 250, 250);\">Dans un arr\u00eat du 15 novembre dernier<\/span><span style=\"color: rgb(0, 0, 0);\"> (n\u00b022-17.733), <\/span><span style=\"color: rgb(0, 0, 0); background-color: rgb(250, 250, 250);\">\u00a0la Cour de cassation a condamn\u00e9 un employeur pour manquement \u00e0 son obligation de s\u00e9curit\u00e9, pour ne pas avoir pris de mesure en vue de veiller \u00e0 la mise \u00e0 disposition d\u2019eau potable \u00e0 l\u2019un de ses salari\u00e9s.<\/span><\/p>\n<p class=\"ql-align-justify\"><\/p>\n<p class=\"ql-align-justify\"><span style=\"color: rgb(0, 0, 0); background-color: rgb(250, 250, 250);\">La Haute juridiction a ainsi consid\u00e9r\u00e9 que\u00a0:<\/span><\/p>\n<p class=\"ql-align-justify\"><\/p>\n<p class=\"ql-align-justify\"><span style=\"color: rgb(0, 0, 0); background-color: rgb(250, 250, 250);\">\u00ab\u00a0<\/span><em style=\"color: rgb(0, 0, 0); background-color: rgb(250, 250, 250);\">(\u2026) Vu les articles L. 4121-1 du code du travail et 455 du code de proc\u00e9dure civile :<\/em><\/p>\n<p class=\"ql-align-justify\"><em style=\"color: rgb(0, 0, 0); background-color: rgb(250, 250, 250);\">6. Il r\u00e9sulte du premier de ces textes que l&#8217;employeur, tenu d&rsquo;une obligation de s\u00e9curit\u00e9 envers les salari\u00e9s, doit prendre les mesures n\u00e9cessaires pour assurer la s\u00e9curit\u00e9 et prot\u00e9ger la sant\u00e9 physique et mentale des travailleurs. Il ne m\u00e9conna\u00eet pas cette obligation l\u00e9gale s&rsquo;il justifie avoir pris toutes les mesures pr\u00e9vues par les articles L. 4121-1 et L. 4121-2 du code du travail.<\/em><\/p>\n<p class=\"ql-align-justify\"><em style=\"color: rgb(0, 0, 0);\"><\/em><em style=\"color: rgb(0, 0, 0); background-color: rgb(250, 250, 250);\">7. Selon le second, tout jugement doit \u00eatre motiv\u00e9. Le d\u00e9faut de r\u00e9ponse aux conclusions constitue un d\u00e9faut de motifs.<\/em><\/p>\n<p class=\"ql-align-justify\"><em style=\"color: rgb(0, 0, 0); background-color: rgb(250, 250, 250);\">8. <u>Pour d\u00e9bouter le salari\u00e9 de sa demande de dommages-int\u00e9r\u00eats pour manquement \u00e0 l&rsquo;obligation de s\u00e9curit\u00e9, l&rsquo;arr\u00eat retient, d&rsquo;une part, que le salari\u00e9 reproche \u00e0 l&#8217;employeur de lui avoir fait boire de l&rsquo;eau de ville mal filtr\u00e9e sans toutefois en apporter la preuve, et d&rsquo;autre part, qu&rsquo;il est notoire que l&rsquo;eau de ville en Ha\u00efti n&rsquo;est pas potable et qu&rsquo;il convient de boire de l&rsquo;eau min\u00e9rale en bouteille, et que si le salari\u00e9 a manqu\u00e9 \u00e0 cette obligation de prudence \u00e9l\u00e9mentaire, il ne peut en imputer la faute \u00e0 son employeur<\/u>.<\/em><\/p>\n<p class=\"ql-align-justify\"><em style=\"color: rgb(0, 0, 0); background-color: rgb(250, 250, 250);\"><u>9. En statuant ainsi, par des motifs impropres \u00e0 \u00e9tablir que l&#8217;employeur avait pris toutes les mesures n\u00e9cessaires pour assurer la s\u00e9curit\u00e9 et prot\u00e9ger la sant\u00e9 du salari\u00e9, et sans r\u00e9pondre aux conclusions du salari\u00e9 qui soutenait que l&rsquo;association ne lui avait apport\u00e9 aucune aide ni assistance lorsqu&rsquo;il avait contract\u00e9 cette maladie tropicale, faute de mat\u00e9riel conforme, l&rsquo;avait laiss\u00e9 livr\u00e9 \u00e0 lui-m\u00eame malade, et n&rsquo;avait pas voulu organiser un rapatriement sanitaire, la cour d&rsquo;appel a viol\u00e9 les textes susvis\u00e9s<\/u> (\u2026)<\/em><span style=\"color: rgb(0, 0, 0); background-color: rgb(250, 250, 250);\">\u00a0\u00bb.<\/span><\/p>\n<p class=\"ql-align-justify\"><\/p>\n<p class=\"ql-align-justify\"><span style=\"color: rgb(0, 0, 0); background-color: rgb(250, 250, 250);\">Rappel utile notamment apr\u00e8s les \u00e9pisodes caniculaires de cette ann\u00e9e et pour ceux \u00e0 venir, sauf aujourd\u2019hui\u2026<\/span><\/p>\n<p>\u00a0<\/p>\n<p><a href=\"https:\/\/www.courdecassation.fr\/decision\/65546ee7a52b348318098272\" target=\"_blank\" rel=\"noopener\">https:\/\/www.courdecassation.fr\/decision\/65546ee7a52b348318098272<\/a><\/p>\n","protected":false},"excerpt":{"rendered":"<p>Dans un arr\u00eat du 15 novembre dernier (n\u00b022-17.733), \u00a0la Cour de cassation a condamn\u00e9 un employeur pour manquement \u00e0 son obligation de s\u00e9curit\u00e9, pour ne pas avoir pris de mesure en vue de veiller \u00e0 la mise \u00e0 disposition d\u2019eau potable \u00e0 l\u2019un de ses salari\u00e9s. La Haute juridiction a ainsi consid\u00e9r\u00e9 que\u00a0: \u00ab\u00a0(\u2026) Vu [&hellip;]<\/p>\n","protected":false},"author":3,"featured_media":23864,"comment_status":"open","ping_status":"open","sticky":false,"template":"","format":"standard","meta":{"_acf_changed":false,"_seopress_robots_primary_cat":"","_seopress_titles_title":"","_seopress_titles_desc":"","_seopress_robots_index":"","footnotes":""},"categories":[31],"tags":[],"class_list":["post-23863","post","type-post","status-publish","format-standard","has-post-thumbnail","hentry","category-actualites-en-droit-social"],"acf":[],"_links":{"self":[{"href":"https:\/\/www.voltaire-avocats.com\/fr\/wp-json\/wp\/v2\/posts\/23863","targetHints":{"allow":["GET"]}}],"collection":[{"href":"https:\/\/www.voltaire-avocats.com\/fr\/wp-json\/wp\/v2\/posts"}],"about":[{"href":"https:\/\/www.voltaire-avocats.com\/fr\/wp-json\/wp\/v2\/types\/post"}],"author":[{"embeddable":true,"href":"https:\/\/www.voltaire-avocats.com\/fr\/wp-json\/wp\/v2\/users\/3"}],"replies":[{"embeddable":true,"href":"https:\/\/www.voltaire-avocats.com\/fr\/wp-json\/wp\/v2\/comments?post=23863"}],"version-history":[{"count":0,"href":"https:\/\/www.voltaire-avocats.com\/fr\/wp-json\/wp\/v2\/posts\/23863\/revisions"}],"wp:featuredmedia":[{"embeddable":true,"href":"https:\/\/www.voltaire-avocats.com\/fr\/wp-json\/wp\/v2\/media\/23864"}],"wp:attachment":[{"href":"https:\/\/www.voltaire-avocats.com\/fr\/wp-json\/wp\/v2\/media?parent=23863"}],"wp:term":[{"taxonomy":"category","embeddable":true,"href":"https:\/\/www.voltaire-avocats.com\/fr\/wp-json\/wp\/v2\/categories?post=23863"},{"taxonomy":"post_tag","embeddable":true,"href":"https:\/\/www.voltaire-avocats.com\/fr\/wp-json\/wp\/v2\/tags?post=23863"}],"curies":[{"name":"wp","href":"https:\/\/api.w.org\/{rel}","templated":true}]}}