{"id":23959,"date":"2023-11-30T09:49:28","date_gmt":"2023-11-30T08:49:28","guid":{"rendered":"https:\/\/www.voltaire-avocats.com\/?p=23959"},"modified":"2023-11-30T09:49:30","modified_gmt":"2023-11-30T08:49:30","slug":"absence-de-reintegration-du-salarie-protege-cas-de-resiliation-judiciaire-aux-torts-de-lemployeur","status":"publish","type":"post","link":"https:\/\/www.voltaire-avocats.com\/fr\/absence-de-reintegration-du-salarie-protege-cas-de-resiliation-judiciaire-aux-torts-de-lemployeur\/","title":{"rendered":"Absence de r\u00e9int\u00e9gration du salari\u00e9 prot\u00e9g\u00e9 : cas de r\u00e9siliation judiciaire aux torts de l\u2019employeur"},"content":{"rendered":"<p class=\"ql-align-justify\">En application de l\u2019article L.2422-1 du Code du travail, en cas d\u2019annulation de l\u2019autorisation de licenciement, le salari\u00e9 prot\u00e9g\u00e9 doit \u00eatre r\u00e9int\u00e9gr\u00e9 dans son emploi ou dans un emploi \u00e9quivalent, sauf lorsque l&#8217;employeur justifie d&rsquo;une impossibilit\u00e9 de r\u00e9int\u00e9gration.<\/p>\n<p class=\"ql-align-justify\"><\/p>\n<p class=\"ql-align-justify\">En cas de manquements suffisamment graves de l\u2019employeur, le salari\u00e9 prot\u00e9g\u00e9 peut demander la r\u00e9siliation judiciaire de son contrat de travail, produisant les effets d\u2019un licenciement nul (notamment Cass. soc., 15 mai 2019, n\u00b017-28.547).<\/p>\n<p class=\"ql-align-justify\"><\/p>\n<p class=\"ql-align-justify\">Ainsi, la Cour de cassation consid\u00e8re que, lorsque le salari\u00e9 prot\u00e9g\u00e9, qui en a fait la demande, n\u2019a pas \u00e9t\u00e9 r\u00e9int\u00e9gr\u00e9 dans son emploi ou dans un emploi \u00e9quivalent, apr\u00e8s l\u2019annulation de l\u2019autorisation de licenciement, il peut demander la r\u00e9siliation judiciaire de son contrat de travail, qui produit les effets d\u2019un licenciement nul.<\/p>\n<p class=\"ql-align-justify\"><\/p>\n<p class=\"ql-align-justify\">C\u2019est ce qu\u2019est venu rappeler la Cour de cassation dans son arr\u00eat du 8 novembre 2023. <\/p>\n<p class=\"ql-align-justify\"><\/p>\n<p class=\"ql-align-justify\">Dans cet arr\u00eat, la Haute juridiction rappelle \u00e9galement que <em>\u00ab Lorsque l&#8217;employeur n&rsquo;a pas satisfait \u00e0 cette obligation, sans justifier d&rsquo;une impossibilit\u00e9 de r\u00e9int\u00e9gration, la r\u00e9siliation judiciaire prononc\u00e9e aux torts de l&#8217;employeur pour ce motif <\/em><strong><em>produit les effets d&rsquo;un licenciement nul pour violation du statut protecteur, d\u00e8s lors que le salari\u00e9 est prot\u00e9g\u00e9 au jour de sa demande en r\u00e9siliation.<\/em><\/strong>\u00bb \u00c0 ce titre, le salari\u00e9 peut pr\u00e9tendre \u00e0 une indemnit\u00e9 \u00e9gale \u00ab <em>\u00e0 la r\u00e9mun\u00e9ration qu&rsquo;il aurait per\u00e7ue depuis la date de prise d&rsquo;effet de la r\u00e9siliation judiciaire jusqu&rsquo;\u00e0 la fin de la p\u00e9riode de protection en cours au jour de sa demande en r\u00e9siliation, dans la limite de 30 mois <\/em>\u00bb (Cass. soc., 8 nov. 2023, n\u00b022-17.919)<\/p>\n<p><\/p>\n<p><a href=\"https:\/\/www.courdecassation.fr\/decision\/654b350a56298f83183878a3\" target=\"_blank\" rel=\"noopener\">https:\/\/www.courdecassation.fr\/decision\/654b350a56298f83183878a3<\/a><\/p>\n<p>\u00a0<\/p>\n","protected":false},"excerpt":{"rendered":"<p>En application de l\u2019article L.2422-1 du Code du travail, en cas d\u2019annulation de l\u2019autorisation de licenciement, le salari\u00e9 prot\u00e9g\u00e9 doit \u00eatre r\u00e9int\u00e9gr\u00e9 dans son emploi ou dans un emploi \u00e9quivalent, sauf lorsque l&#8217;employeur justifie d&rsquo;une impossibilit\u00e9 de r\u00e9int\u00e9gration. En cas de manquements suffisamment graves de l\u2019employeur, le salari\u00e9 prot\u00e9g\u00e9 peut demander la r\u00e9siliation judiciaire de [&hellip;]<\/p>\n","protected":false},"author":3,"featured_media":23957,"comment_status":"open","ping_status":"open","sticky":false,"template":"","format":"standard","meta":{"_acf_changed":false,"_seopress_robots_primary_cat":"","_seopress_titles_title":"","_seopress_titles_desc":"","_seopress_robots_index":"","footnotes":""},"categories":[31],"tags":[],"class_list":["post-23959","post","type-post","status-publish","format-standard","has-post-thumbnail","hentry","category-actualites-en-droit-social"],"acf":[],"_links":{"self":[{"href":"https:\/\/www.voltaire-avocats.com\/fr\/wp-json\/wp\/v2\/posts\/23959","targetHints":{"allow":["GET"]}}],"collection":[{"href":"https:\/\/www.voltaire-avocats.com\/fr\/wp-json\/wp\/v2\/posts"}],"about":[{"href":"https:\/\/www.voltaire-avocats.com\/fr\/wp-json\/wp\/v2\/types\/post"}],"author":[{"embeddable":true,"href":"https:\/\/www.voltaire-avocats.com\/fr\/wp-json\/wp\/v2\/users\/3"}],"replies":[{"embeddable":true,"href":"https:\/\/www.voltaire-avocats.com\/fr\/wp-json\/wp\/v2\/comments?post=23959"}],"version-history":[{"count":0,"href":"https:\/\/www.voltaire-avocats.com\/fr\/wp-json\/wp\/v2\/posts\/23959\/revisions"}],"wp:featuredmedia":[{"embeddable":true,"href":"https:\/\/www.voltaire-avocats.com\/fr\/wp-json\/wp\/v2\/media\/23957"}],"wp:attachment":[{"href":"https:\/\/www.voltaire-avocats.com\/fr\/wp-json\/wp\/v2\/media?parent=23959"}],"wp:term":[{"taxonomy":"category","embeddable":true,"href":"https:\/\/www.voltaire-avocats.com\/fr\/wp-json\/wp\/v2\/categories?post=23959"},{"taxonomy":"post_tag","embeddable":true,"href":"https:\/\/www.voltaire-avocats.com\/fr\/wp-json\/wp\/v2\/tags?post=23959"}],"curies":[{"name":"wp","href":"https:\/\/api.w.org\/{rel}","templated":true}]}}