{"id":23975,"date":"2023-12-05T09:16:37","date_gmt":"2023-12-05T08:16:37","guid":{"rendered":"https:\/\/www.voltaire-avocats.com\/nouveaux-taux-de-de-versement-mobilite-au-1er-janvier-2024\/"},"modified":"2023-12-05T09:16:39","modified_gmt":"2023-12-05T08:16:39","slug":"nouveaux-taux-de-de-versement-mobilite-au-1er-janvier-2024","status":"publish","type":"post","link":"https:\/\/www.voltaire-avocats.com\/fr\/nouveaux-taux-de-de-versement-mobilite-au-1er-janvier-2024\/","title":{"rendered":"Nouveaux taux du versement mobilit\u00e9 au 1er janvier 2024"},"content":{"rendered":"<p><span style=\"color: rgb(0, 0, 0);\">Le versement mobilit\u00e9 est une\u00a0contribution patronale, pay\u00e9e par toutes les entreprises qui emploient\u00a0au moins 11 salari\u00e9s. <\/span><\/p>\n<p><\/p>\n<p><span style=\"color: rgb(0, 0, 0);\">Le versement mobilit\u00e9 permet de financer les transports en commun et est recouvr\u00e9 par l&rsquo;URSSAF.<\/span><\/p>\n<p><span style=\"color: rgb(0, 0, 0);\">\u00a0<\/span><\/p>\n<p><span style=\"color: rgb(0, 0, 0);\">Cette derni\u00e8re pr\u00e9cise, sur son site internet, les taux ou les p\u00e9rim\u00e8tres de versement mobilit\u00e9 applicables \u00e0 compter du 1<\/span><sup style=\"color: rgb(0, 0, 0);\">er<\/sup><span style=\"color: rgb(0, 0, 0);\"> janvier 2024\u00a0:<\/span><\/p>\n<p>\u00a0<\/p>\n<p><a href=\"https:\/\/www.urssaf.fr\/portail\/home\/actualites\/toute-lactualite-employeur\/taux-de-versement-mobilite.html\" target=\"_blank\" rel=\"noopener\">https:\/\/www.urssaf.fr\/portail\/home\/actualites\/toute-lactualite-employeur\/taux-de-versement-mobilite.html<\/a><\/p>\n","protected":false},"excerpt":{"rendered":"<p>Le versement mobilit\u00e9 est une\u00a0contribution patronale, pay\u00e9e par toutes les entreprises qui emploient\u00a0au moins 11 salari\u00e9s. Le versement mobilit\u00e9 permet de financer les transports en commun et est recouvr\u00e9 par l&rsquo;URSSAF. \u00a0 Cette derni\u00e8re pr\u00e9cise, sur son site internet, les taux ou les p\u00e9rim\u00e8tres de versement mobilit\u00e9 applicables \u00e0 compter du 1er janvier 2024\u00a0: \u00a0 [&hellip;]<\/p>\n","protected":false},"author":3,"featured_media":23976,"comment_status":"open","ping_status":"open","sticky":false,"template":"","format":"standard","meta":{"_acf_changed":false,"_seopress_robots_primary_cat":"","_seopress_titles_title":"","_seopress_titles_desc":"","_seopress_robots_index":"","footnotes":""},"categories":[31],"tags":[],"class_list":["post-23975","post","type-post","status-publish","format-standard","has-post-thumbnail","hentry","category-actualites-en-droit-social"],"acf":[],"_links":{"self":[{"href":"https:\/\/www.voltaire-avocats.com\/fr\/wp-json\/wp\/v2\/posts\/23975","targetHints":{"allow":["GET"]}}],"collection":[{"href":"https:\/\/www.voltaire-avocats.com\/fr\/wp-json\/wp\/v2\/posts"}],"about":[{"href":"https:\/\/www.voltaire-avocats.com\/fr\/wp-json\/wp\/v2\/types\/post"}],"author":[{"embeddable":true,"href":"https:\/\/www.voltaire-avocats.com\/fr\/wp-json\/wp\/v2\/users\/3"}],"replies":[{"embeddable":true,"href":"https:\/\/www.voltaire-avocats.com\/fr\/wp-json\/wp\/v2\/comments?post=23975"}],"version-history":[{"count":0,"href":"https:\/\/www.voltaire-avocats.com\/fr\/wp-json\/wp\/v2\/posts\/23975\/revisions"}],"wp:featuredmedia":[{"embeddable":true,"href":"https:\/\/www.voltaire-avocats.com\/fr\/wp-json\/wp\/v2\/media\/23976"}],"wp:attachment":[{"href":"https:\/\/www.voltaire-avocats.com\/fr\/wp-json\/wp\/v2\/media?parent=23975"}],"wp:term":[{"taxonomy":"category","embeddable":true,"href":"https:\/\/www.voltaire-avocats.com\/fr\/wp-json\/wp\/v2\/categories?post=23975"},{"taxonomy":"post_tag","embeddable":true,"href":"https:\/\/www.voltaire-avocats.com\/fr\/wp-json\/wp\/v2\/tags?post=23975"}],"curies":[{"name":"wp","href":"https:\/\/api.w.org\/{rel}","templated":true}]}}