{"id":25181,"date":"2024-05-30T09:02:30","date_gmt":"2024-05-30T07:02:30","guid":{"rendered":"https:\/\/www.voltaire-avocats.com\/?p=25181"},"modified":"2024-06-03T15:47:58","modified_gmt":"2024-06-03T13:47:58","slug":"modification-de-la-repartition-des-horaires-de-travail-attention-au-respect-de-la-vie-personnelle-et-familiale-du-salarie","status":"publish","type":"post","link":"https:\/\/www.voltaire-avocats.com\/fr\/modification-de-la-repartition-des-horaires-de-travail-attention-au-respect-de-la-vie-personnelle-et-familiale-du-salarie\/","title":{"rendered":"Modification de la r\u00e9partition des horaires de travail : attention au respect de la vie personnelle et familiale du salari\u00e9"},"content":{"rendered":"<p>Dans un arr\u00eat rendu le 29 mai 2024 (n\u00b022-21.814), la Cour de cassation a consid\u00e9r\u00e9 que le refus du salari\u00e9 d\u2019une modification de la r\u00e9partition de ses horaires de travail en raison de contraintes familiales n\u2019\u00e9tait pas fautif, de sorte que le licenciement pour faute grave notifi\u00e9 suivant ce refus \u00e9tait d\u00e9pourvu de cause r\u00e9elle et s\u00e9rieuse.<\/p>\n<p><\/p>\n<p>En l\u2019esp\u00e8ce, l\u2019employeur a inform\u00e9 l\u2019un de ses salari\u00e9s, ayant des horaires de nuit, de son affectation sur un poste de jour, ce que ce dernier a refus\u00e9 \u00e0 3 reprises, en faisant \u00e9tat de contraintes personnelles et familiales. Suivant ce refus r\u00e9it\u00e9r\u00e9, l\u2019employeur lui a notifi\u00e9 son licenciement pour faute grave.<\/p>\n<p><\/p>\n<p>Ce dernier a alors contest\u00e9 cette mesure de licenciement devant le Conseil de prud\u2019hommes.<\/p>\n<p><\/p>\n<p>Les juges du fond ont consid\u00e9r\u00e9 que le licenciement pour faute grave notifi\u00e9 au salari\u00e9 \u00e9tait d\u00e9pourvu de cause r\u00e9elle et s\u00e9rieuse, eu \u00e9gard aux contraintes familiales et personnelles expos\u00e9es par le salari\u00e9 pour refuser ce poste diurne.<\/p>\n<p><\/p>\n<p>L\u2019employeur a alors form\u00e9 un pourvoi en cassation en se pr\u00e9valant des dispositions de la convention collective applicable (en l&rsquo;occurrence celle des entreprises de pr\u00e9vention et de s\u00e9curit\u00e9), qui indiquait que <em>\u00ab\u00a0les salari\u00e9s de cette branche assurent un service indistinctement soit de jour, soit de nuit, soit alternativement de nuit ou de jour ; qu&rsquo;il s&rsquo;agit l\u00e0 d&rsquo;une modalit\u00e9 normale de l&rsquo;exercice de leurs fonctions, et, d&rsquo;autre part, que les contraintes personnelles du salari\u00e9 ne sont pas positivement opposables \u00e0 l&#8217;employeur\u00a0\u00bb.<\/em><\/p>\n<p><\/p>\n<p>L\u2019employeur consid\u00e9rait que son salari\u00e9 ne pouvait se fonder sur ses imp\u00e9ratifs personnels et familiaux pour refuser son affectation sur un poste de travail aux horaires diff\u00e9rents de celui initialement occup\u00e9.<\/p>\n<p><\/p>\n<p>La Haute juridiction rejette l\u2019argumentation de l\u2019employeur, en relevant que le salari\u00e9 avait un enfant handicap\u00e9 pour lequel <em>\u00ab\u00a0la MDPH avait reconnu la prise en charge par les parents d&rsquo;au moins 20 % des activit\u00e9s de l&rsquo;enfant par une adaptation des horaires de travail\u00a0\u00bb<\/em><\/p>\n<p><\/p>\n<p>La Cour de cassation consid\u00e8re que <em>\u00ab\u00a0le passage d&rsquo;un horaire de nuit \u00e0 un horaire de jour portait une atteinte excessive au droit du salari\u00e9 au respect de sa vie personnelle et familiale et \u00e9tait incompatible avec les obligations familiales imp\u00e9rieuses\u00a0\u00bb,<\/em> de sorte que le refus du salari\u00e9 de son affection sur un tel poste n\u2019\u00e9tait pas fautif et qu\u2019ainsi, son licenciement \u00e9tait d\u00e9pourvu de cause r\u00e9elle et s\u00e9rieuse.<\/p>\n<p><\/p>\n<p>Les Hauts magistrats ont \u00e9galement suivi la position des juges du fond qui avaient relev\u00e9 que l\u2019employeur ne justifiait pas de l\u2019absence de poste de nuit sur lequel le salari\u00e9 aurait pu \u00eatre affect\u00e9.\u00a0<\/p>\n<p><\/p>\n<p><a href=\"https:\/\/www.courdecassation.fr\/decision\/6656c53967f9f200081224ae?judilibre_juridiction=cc&#038;judilibre_chambre%5b%5d=soc&#038;previousdecisionpage=0&#038;previousdecisionindex=3&#038;nextdecisionpage=0&#038;nextdecisionindex=5\" target=\"_blank\" rel=\"noopener\">https:\/\/www.courdecassation.fr\/decision\/6656c53967f9f200081224ae?judilibre_juridiction=cc&#038;judilibre_chambre[]=soc&#038;previousdecisionpage=0&#038;previousdecisionindex=3&#038;nextdecisionpage=0&#038;nextdecisionindex=5<\/a><\/p>\n<p>\u00a0<\/p>\n<p>\u00a0<\/p>\n","protected":false},"excerpt":{"rendered":"<p>Dans un arr\u00eat rendu le 29 mai 2024 (n\u00b022-21.814), la Cour de cassation a consid\u00e9r\u00e9 que le refus du salari\u00e9 d\u2019une modification de la r\u00e9partition de ses horaires de travail en raison de contraintes familiales n\u2019\u00e9tait pas fautif, de sorte que le licenciement pour faute grave notifi\u00e9 suivant ce refus \u00e9tait d\u00e9pourvu de cause r\u00e9elle [&hellip;]<\/p>\n","protected":false},"author":3,"featured_media":25179,"comment_status":"open","ping_status":"open","sticky":false,"template":"","format":"standard","meta":{"_acf_changed":false,"_seopress_robots_primary_cat":"","_seopress_titles_title":"","_seopress_titles_desc":"","_seopress_robots_index":"","footnotes":""},"categories":[31],"tags":[],"class_list":["post-25181","post","type-post","status-publish","format-standard","has-post-thumbnail","hentry","category-actualites-en-droit-social"],"acf":[],"_links":{"self":[{"href":"https:\/\/www.voltaire-avocats.com\/fr\/wp-json\/wp\/v2\/posts\/25181","targetHints":{"allow":["GET"]}}],"collection":[{"href":"https:\/\/www.voltaire-avocats.com\/fr\/wp-json\/wp\/v2\/posts"}],"about":[{"href":"https:\/\/www.voltaire-avocats.com\/fr\/wp-json\/wp\/v2\/types\/post"}],"author":[{"embeddable":true,"href":"https:\/\/www.voltaire-avocats.com\/fr\/wp-json\/wp\/v2\/users\/3"}],"replies":[{"embeddable":true,"href":"https:\/\/www.voltaire-avocats.com\/fr\/wp-json\/wp\/v2\/comments?post=25181"}],"version-history":[{"count":0,"href":"https:\/\/www.voltaire-avocats.com\/fr\/wp-json\/wp\/v2\/posts\/25181\/revisions"}],"wp:featuredmedia":[{"embeddable":true,"href":"https:\/\/www.voltaire-avocats.com\/fr\/wp-json\/wp\/v2\/media\/25179"}],"wp:attachment":[{"href":"https:\/\/www.voltaire-avocats.com\/fr\/wp-json\/wp\/v2\/media?parent=25181"}],"wp:term":[{"taxonomy":"category","embeddable":true,"href":"https:\/\/www.voltaire-avocats.com\/fr\/wp-json\/wp\/v2\/categories?post=25181"},{"taxonomy":"post_tag","embeddable":true,"href":"https:\/\/www.voltaire-avocats.com\/fr\/wp-json\/wp\/v2\/tags?post=25181"}],"curies":[{"name":"wp","href":"https:\/\/api.w.org\/{rel}","templated":true}]}}