{"id":25281,"date":"2024-06-17T09:49:30","date_gmt":"2024-06-17T07:49:30","guid":{"rendered":"https:\/\/www.voltaire-avocats.com\/partage-de-la-valeur-le-q-r-est-enfin-sorti\/"},"modified":"2024-06-17T09:49:33","modified_gmt":"2024-06-17T07:49:33","slug":"partage-de-la-valeur-le-q-r-est-enfin-sorti","status":"publish","type":"post","link":"https:\/\/www.voltaire-avocats.com\/fr\/partage-de-la-valeur-le-q-r-est-enfin-sorti\/","title":{"rendered":"Partage de la valeur : le Q\/R est enfin sorti !"},"content":{"rendered":"<p>Apr\u00e8s avoir jou\u00e9 avec les nerfs des employeurs astreints \u00e0 une obscure obligation de n\u00e9gocier, le minist\u00e8re vient enfin de mettre en ligne son Q\/R que vous trouverez en cliquant sur le lien ci-dessous.<\/p>\n<p><\/p>\n<p>Au menu l&rsquo;on y d\u00e9couvre que : <\/p>\n<ul>\n<li>les entreprises assujetties \u00e0 l&rsquo;obligation de n\u00e9gocier sont celles qui sont assujetties \u00e0 la participation \u00ab\u00a0eu \u00e9gard \u00e0 leurs effectifs et non les entreprises tenues de mettre en place une RSP effective du fait d\u2019un b\u00e9n\u00e9fice net fiscal suffisant\u00a0\u00bb. <\/li>\n<li>il n&rsquo;est pas possible de n\u00e9gocier s\u00e9par\u00e9ment avant le 30 juin 2024, d\u2019une part un accord sur la participation\/int\u00e9ressement et d\u2019autre part, un accord sur le partage de la valeur en cas d\u2019augmentation exceptionnelle des b\u00e9n\u00e9fices<\/li>\n<li>si les partenaires sociaux optent pour l\u2019ouverture d\u2019une nouvelle n\u00e9gociation sur la mise en place d\u2019un dispositif de partage de la valeur, ils peuvent ne faire leur choix qu\u2019au moment de cette nouvelle n\u00e9gociation \u00e0 la condition d\u2019avoir indiqu\u00e9 que ce choix se fera parmi les dispositifs mentionn\u00e9s \u00e0 l\u2019article L. 3346-1 du code du travail. <\/li>\n<\/ul>\n<p><\/p>\n<p><\/p>\n<p><a href=\"https:\/\/travail-emploi.gouv.fr\/IMG\/pdf\/qr-augmentation-exceptionnelle.pdf\" target=\"_blank\" rel=\"noopener\">https:\/\/travail-emploi.gouv.fr\/IMG\/pdf\/qr-augmentation-exceptionnelle.pdf<\/a><\/p>\n","protected":false},"excerpt":{"rendered":"<p>Apr\u00e8s avoir jou\u00e9 avec les nerfs des employeurs astreints \u00e0 une obscure obligation de n\u00e9gocier, le minist\u00e8re vient enfin de mettre en ligne son Q\/R que vous trouverez en cliquant sur le lien ci-dessous. Au menu l&rsquo;on y d\u00e9couvre que : les entreprises assujetties \u00e0 l&rsquo;obligation de n\u00e9gocier sont celles qui sont assujetties \u00e0 la [&hellip;]<\/p>\n","protected":false},"author":3,"featured_media":15206,"comment_status":"open","ping_status":"open","sticky":false,"template":"","format":"standard","meta":{"_acf_changed":false,"_seopress_robots_primary_cat":"","_seopress_titles_title":"","_seopress_titles_desc":"","_seopress_robots_index":"","footnotes":""},"categories":[31],"tags":[],"class_list":["post-25281","post","type-post","status-publish","format-standard","has-post-thumbnail","hentry","category-actualites-en-droit-social"],"acf":[],"_links":{"self":[{"href":"https:\/\/www.voltaire-avocats.com\/fr\/wp-json\/wp\/v2\/posts\/25281","targetHints":{"allow":["GET"]}}],"collection":[{"href":"https:\/\/www.voltaire-avocats.com\/fr\/wp-json\/wp\/v2\/posts"}],"about":[{"href":"https:\/\/www.voltaire-avocats.com\/fr\/wp-json\/wp\/v2\/types\/post"}],"author":[{"embeddable":true,"href":"https:\/\/www.voltaire-avocats.com\/fr\/wp-json\/wp\/v2\/users\/3"}],"replies":[{"embeddable":true,"href":"https:\/\/www.voltaire-avocats.com\/fr\/wp-json\/wp\/v2\/comments?post=25281"}],"version-history":[{"count":0,"href":"https:\/\/www.voltaire-avocats.com\/fr\/wp-json\/wp\/v2\/posts\/25281\/revisions"}],"wp:featuredmedia":[{"embeddable":true,"href":"https:\/\/www.voltaire-avocats.com\/fr\/wp-json\/wp\/v2\/media\/15206"}],"wp:attachment":[{"href":"https:\/\/www.voltaire-avocats.com\/fr\/wp-json\/wp\/v2\/media?parent=25281"}],"wp:term":[{"taxonomy":"category","embeddable":true,"href":"https:\/\/www.voltaire-avocats.com\/fr\/wp-json\/wp\/v2\/categories?post=25281"},{"taxonomy":"post_tag","embeddable":true,"href":"https:\/\/www.voltaire-avocats.com\/fr\/wp-json\/wp\/v2\/tags?post=25281"}],"curies":[{"name":"wp","href":"https:\/\/api.w.org\/{rel}","templated":true}]}}