{"id":25504,"date":"2024-08-28T17:27:41","date_gmt":"2024-08-28T15:27:41","guid":{"rendered":"https:\/\/www.voltaire-avocats.com\/?p=25504"},"modified":"2024-08-28T17:27:43","modified_gmt":"2024-08-28T15:27:43","slug":"virus-mpox-le-ministere-du-travail-et-de-la-sante-preconise-le-teletravail-en-cas-de-contamination","status":"publish","type":"post","link":"https:\/\/www.voltaire-avocats.com\/fr\/virus-mpox-le-ministere-du-travail-et-de-la-sante-preconise-le-teletravail-en-cas-de-contamination\/","title":{"rendered":"Virus Mpox : le Minist\u00e8re du travail et de la sant\u00e9 pr\u00e9conise le t\u00e9l\u00e9travail en cas de contamination"},"content":{"rendered":"<p><span style=\"color: rgb(0, 0, 0);\">Bien que le risque de pand\u00e9mie soit \u00e0 ce jour \u00e9cart\u00e9, la recrudescence de l\u2019\u00e9pid\u00e9mie de Mpox (autrefois appel\u00e9 \u00ab\u00a0variole du singe\u00a0\u00bb) ne permet pas d\u2019exclure la survenance de cas sporadiques.<\/span><\/p>\n<p><\/p>\n<p><span style=\"color: rgb(0, 0, 0);\">Dans ce contexte, le Minist\u00e8re du travail, de la sant\u00e9 et des solidarit\u00e9s a mis en ligne, le 23 ao\u00fbt dernier, une s\u00e9rie de 20 questions\/r\u00e9ponses relatives au virus Mpox. Certaines d\u2019entre elles abordent le cas particulier du salari\u00e9 infect\u00e9 ou pr\u00e9sentant des sympt\u00f4mes.<\/span><\/p>\n<p><\/p>\n<p><span style=\"color: rgb(0, 0, 0);\">Ainsi, face \u00e0 l\u2019apparition de sympt\u00f4mes, le Minist\u00e8re recommande en premier lieu un isolement dans l\u2019attente d\u2019un avis m\u00e9dical. En cas de diagnostic positif, <\/span><em style=\"color: rgb(0, 0, 0);\">\u00ab\u00a0les cas diagnostiqu\u00e9s comme souffrant du mpox doivent strictement suivre les recommandations de leur m\u00e9decin et s\u2019isoler chez eux pour une dur\u00e9e de 21 jours \u00e0 partir de la date de d\u00e9but des signes cliniques, si leur \u00e9tat ne n\u00e9cessite pas une hospitalisation. Cette p\u00e9riode de 3 semaines doit \u00eatre \u00e9tendue si les l\u00e9sions de la peau ou des muqueuses ne sont pas compl\u00e8tement cicatris\u00e9es \u00e0 son terme<\/em><span style=\"color: rgb(0, 0, 0);\">\u00a0\u00bb.<\/span><\/p>\n<p><\/p>\n<p><span style=\"color: rgb(0, 0, 0);\">En cons\u00e9quence de cet isolement, le recours au t\u00e9l\u00e9travail s\u2019impose de fait, ainsi que le pr\u00e9cise le questions\/r\u00e9ponses\u00a0:<\/span><\/p>\n<p><\/p>\n<p><em style=\"color: rgb(0, 0, 0);\">\u00ab\u00a0<\/em><strong style=\"color: rgb(0, 0, 0);\"><em>Les personnes infect\u00e9es doivent t\u00e9l\u00e9travailler durant 3 semaines \u00e0 partir de la date de d\u00e9but des signes<\/em><\/strong><em style=\"color: rgb(0, 0, 0);\"> (ou ne pas travailler si le t\u00e9l\u00e9travail est impossible), et ne pas partager ni m\u00e9langer leurs v\u00eatements, leur linge de maison et literie ou leur vaisselle avec d\u2019autres personnes\u00a0\u00bb. <\/em><\/p>\n<p><\/p>\n<p><span style=\"color: rgb(0, 0, 0);\">Si le t\u00e9l\u00e9travail n\u2019est pas possible, le contrat de travail du salari\u00e9 sera suspendu pour maladie.<\/span><\/p>\n<p><\/p>\n<p><a href=\"https:\/\/sante.gouv.fr\/soins-et-maladies\/maladies\/maladies-vectorielles-et-zoonoses\/article\/virus-mpox-questions-reponses\" target=\"_blank\" rel=\"noopener\">https:\/\/sante.gouv.fr\/soins-et-maladies\/maladies\/maladies-vectorielles-et-zoonoses\/article\/virus-mpox-questions-reponses<\/a><\/p>\n<p><\/p>\n<p><\/p>\n","protected":false},"excerpt":{"rendered":"<p>Bien que le risque de pand\u00e9mie soit \u00e0 ce jour \u00e9cart\u00e9, la recrudescence de l\u2019\u00e9pid\u00e9mie de Mpox (autrefois appel\u00e9 \u00ab\u00a0variole du singe\u00a0\u00bb) ne permet pas d\u2019exclure la survenance de cas sporadiques. Dans ce contexte, le Minist\u00e8re du travail, de la sant\u00e9 et des solidarit\u00e9s a mis en ligne, le 23 ao\u00fbt dernier, une s\u00e9rie de [&hellip;]<\/p>\n","protected":false},"author":3,"featured_media":25502,"comment_status":"open","ping_status":"open","sticky":false,"template":"","format":"standard","meta":{"_acf_changed":false,"_seopress_robots_primary_cat":"","_seopress_titles_title":"","_seopress_titles_desc":"","_seopress_robots_index":"","footnotes":""},"categories":[31],"tags":[],"class_list":["post-25504","post","type-post","status-publish","format-standard","has-post-thumbnail","hentry","category-actualites-en-droit-social"],"acf":[],"_links":{"self":[{"href":"https:\/\/www.voltaire-avocats.com\/fr\/wp-json\/wp\/v2\/posts\/25504","targetHints":{"allow":["GET"]}}],"collection":[{"href":"https:\/\/www.voltaire-avocats.com\/fr\/wp-json\/wp\/v2\/posts"}],"about":[{"href":"https:\/\/www.voltaire-avocats.com\/fr\/wp-json\/wp\/v2\/types\/post"}],"author":[{"embeddable":true,"href":"https:\/\/www.voltaire-avocats.com\/fr\/wp-json\/wp\/v2\/users\/3"}],"replies":[{"embeddable":true,"href":"https:\/\/www.voltaire-avocats.com\/fr\/wp-json\/wp\/v2\/comments?post=25504"}],"version-history":[{"count":0,"href":"https:\/\/www.voltaire-avocats.com\/fr\/wp-json\/wp\/v2\/posts\/25504\/revisions"}],"wp:featuredmedia":[{"embeddable":true,"href":"https:\/\/www.voltaire-avocats.com\/fr\/wp-json\/wp\/v2\/media\/25502"}],"wp:attachment":[{"href":"https:\/\/www.voltaire-avocats.com\/fr\/wp-json\/wp\/v2\/media?parent=25504"}],"wp:term":[{"taxonomy":"category","embeddable":true,"href":"https:\/\/www.voltaire-avocats.com\/fr\/wp-json\/wp\/v2\/categories?post=25504"},{"taxonomy":"post_tag","embeddable":true,"href":"https:\/\/www.voltaire-avocats.com\/fr\/wp-json\/wp\/v2\/tags?post=25504"}],"curies":[{"name":"wp","href":"https:\/\/api.w.org\/{rel}","templated":true}]}}