{"id":26604,"date":"2025-02-03T14:13:23","date_gmt":"2025-02-03T13:13:23","guid":{"rendered":"https:\/\/www.voltaire-avocats.com\/?p=26604"},"modified":"2025-02-03T14:13:25","modified_gmt":"2025-02-03T13:13:25","slug":"reconnaissance-du-harcelement-institutionnel-par-la-cour-de-cassation","status":"publish","type":"post","link":"https:\/\/www.voltaire-avocats.com\/fr\/reconnaissance-du-harcelement-institutionnel-par-la-cour-de-cassation\/","title":{"rendered":"Reconnaissance du harc\u00e8lement institutionnel par la Cour de cassation"},"content":{"rendered":"<p class=\"ql-align-justify\">Dans un arr\u00eat du 21 janvier 2025 (n\u00b022-87.145), la chambre criminelle de la Cour de cassation a jug\u00e9 que les dirigeants d\u2019une soci\u00e9t\u00e9 pouvaient \u00eatre sanctionn\u00e9s p\u00e9nalement pour avoir commis un \u00ab harc\u00e8lement moral institutionnel \u00bb, c\u2019est-\u00e0-dire r\u00e9sultant d\u2019une politique d\u2019entreprise conduisant, en toute connaissance de cause, \u00e0 la d\u00e9gradation des conditions de travail des salari\u00e9s.<\/p>\n<p class=\"ql-align-justify\"><strong>\u00a0<\/strong><\/p>\n<p class=\"ql-align-justify\">A titre liminaire, il doit \u00eatre rappel\u00e9 que le code p\u00e9nal incrimine \u00ab\u00a0le harc\u00e8lement moral au travail\u00a0\u00bb qui caract\u00e9ris\u00e9 lorsqu\u2019une personne est la cible d\u2019agissements r\u00e9p\u00e9t\u00e9s ayant pour objet ou pour effet une d\u00e9gradation de ses conditions de travail, d\u00e9gradation susceptible de porter atteinte \u00e0 ses droits et \u00e0 sa dignit\u00e9, d\u2019alt\u00e9rer sa sant\u00e9 physique ou mentale, ou de compromettre son avenir professionnel (art. 222-33-2)<\/p>\n<p class=\"ql-align-justify\">\u00a0<\/p>\n<p class=\"ql-align-justify\"><span style=\"background-color: rgb(250, 250, 250); color: rgb(33, 37, 41);\">\u00c0 compter de 2006, le pr\u00e9sident-directeur g\u00e9n\u00e9ral et plusieurs dirigeants d\u2019une grande soci\u00e9t\u00e9 ont mis en place une politique d\u2019entreprise qui a touch\u00e9 un quart de leurs employ\u00e9s, \u00e0 savoir\u00a0:<\/span><\/p>\n<p class=\"ql-align-justify\"><span style=\"background-color: rgb(250, 250, 250); color: rgb(33, 37, 41);\">&#8211;\u00a0\u00a0\u00a0\u00a0\u00a0\u00a0un plan de r\u00e9duction d\u2019effectifs visant 20 000 agents\u00a0;<\/span><\/p>\n<p class=\"ql-align-justify\"><span style=\"background-color: rgb(250, 250, 250); color: rgb(33, 37, 41);\">&#8211;\u00a0\u00a0\u00a0\u00a0\u00a0\u00a0un plan de mobilit\u00e9 interne visant 10 000 agents.<\/span><\/p>\n<p class=\"ql-align-justify\"><span style=\"background-color: rgb(250, 250, 250); color: rgb(33, 37, 41);\">\u00a0<\/span><\/p>\n<p class=\"ql-align-justify\"><span style=\"background-color: rgb(250, 250, 250); color: rgb(33, 37, 41);\">Un syndicat a port\u00e9 plainte : il a d\u00e9nonc\u00e9 les cons\u00e9quences humaines tr\u00e8s lourdes r\u00e9sultant de cette politique.\u00a0<\/span><\/p>\n<p class=\"ql-align-justify\"><\/p>\n<p class=\"ql-align-justify\"><span style=\"background-color: rgb(250, 250, 250); color: rgb(33, 37, 41);\">La soci\u00e9t\u00e9 et ses principaux dirigeants ont \u00e9t\u00e9 poursuivis pour \u00ab\u00a0<\/span><em style=\"background-color: rgb(250, 250, 250);\">harc\u00e8lement moral au travail<\/em><span style=\"background-color: rgb(250, 250, 250);\">\u00a0\u00bb.\u00a0<\/span><\/p>\n<p class=\"ql-align-justify\">\u00a0<\/p>\n<p class=\"ql-align-justify\">Les juges du fond ont condamn\u00e9 la soci\u00e9t\u00e9 et ses principaux dirigeants pour \u00ab harc\u00e8lement moral institutionnel \u00bb, sur le fondement de l\u2019article 222-33-2 du code p\u00e9nal, qui vise le \u00ab harc\u00e8lement moral au travail \u00bb.<\/p>\n<p class=\"ql-align-justify\">\u00a0<\/p>\n<p class=\"ql-align-justify\">Dans le cadre du pourvoi form\u00e9 par les dirigeants, la question qui se posait \u00e9tait celle de savoir si les dirigeants d\u2019une soci\u00e9t\u00e9 pouvaient \u00eatre condamn\u00e9s sur le fondement de la loi r\u00e9primant le \u00ab harc\u00e8lement moral au travail \u00bb pour avoir, en connaissance de cause, d\u00e9fini et mis en \u0153uvre une politique g\u00e9n\u00e9rale d\u2019entreprise de nature \u00e0 entrainer une d\u00e9gradation des conditions de travail des salari\u00e9s.<\/p>\n<p class=\"ql-align-justify\">\u00a0<\/p>\n<p class=\"ql-align-justify\">La Haute juridiction a rejet\u00e9 le pourvoi consid\u00e9rant que les juges du fond avaient \u00e9tabli par des motifs suffisants l\u2019existence d\u2019agissements de la part des pr\u00e9venus caract\u00e9risant le d\u00e9lit de \u00ab harc\u00e8lement moral institutionnel \u00bb ou la complicit\u00e9 de ce d\u00e9lit.\u00a0<\/p>\n<p class=\"ql-align-justify\"><\/p>\n<p><a href=\"https:\/\/www.courdecassation.fr\/decision\/678f6a5a29d9a5b0535ebb19?search_api_fulltext=2287145&#038;op=Rechercher&#038;date_du=&#038;date_au=&#038;judilibre_juridiction=cc&#038;previousdecisionpage=&#038;previousdecisionindex=&#038;nextdecisionpage=0&#038;nextdecisionindex=1\" target=\"_blank\">https:\/\/www.courdecassation.fr\/decision\/678f6a5a29d9a5b0535ebb19?search_api_fulltext=2287145&#038;op=Rechercher&#038;date_du=&#038;date_au=&#038;judilibre_juridiction=cc&#038;previousdecisionpage=&#038;previousdecisionindex=&#038;nextdecisionpage=0&#038;nextdecisionindex=1<\/a><\/p>\n<p>\u00a0<\/p>\n<p><\/p>\n<p><\/p>\n","protected":false},"excerpt":{"rendered":"<p>Dans un arr\u00eat du 21 janvier 2025 (n\u00b022-87.145), la chambre criminelle de la Cour de cassation a jug\u00e9 que les dirigeants d\u2019une soci\u00e9t\u00e9 pouvaient \u00eatre sanctionn\u00e9s p\u00e9nalement pour avoir commis un \u00ab harc\u00e8lement moral institutionnel \u00bb, c\u2019est-\u00e0-dire r\u00e9sultant d\u2019une politique d\u2019entreprise conduisant, en toute connaissance de cause, \u00e0 la d\u00e9gradation des conditions de travail des [&hellip;]<\/p>\n","protected":false},"author":3,"featured_media":26602,"comment_status":"open","ping_status":"open","sticky":false,"template":"","format":"standard","meta":{"_acf_changed":false,"_seopress_robots_primary_cat":"","_seopress_titles_title":"","_seopress_titles_desc":"","_seopress_robots_index":"","footnotes":""},"categories":[31],"tags":[],"class_list":["post-26604","post","type-post","status-publish","format-standard","has-post-thumbnail","hentry","category-actualites-en-droit-social"],"acf":[],"_links":{"self":[{"href":"https:\/\/www.voltaire-avocats.com\/fr\/wp-json\/wp\/v2\/posts\/26604","targetHints":{"allow":["GET"]}}],"collection":[{"href":"https:\/\/www.voltaire-avocats.com\/fr\/wp-json\/wp\/v2\/posts"}],"about":[{"href":"https:\/\/www.voltaire-avocats.com\/fr\/wp-json\/wp\/v2\/types\/post"}],"author":[{"embeddable":true,"href":"https:\/\/www.voltaire-avocats.com\/fr\/wp-json\/wp\/v2\/users\/3"}],"replies":[{"embeddable":true,"href":"https:\/\/www.voltaire-avocats.com\/fr\/wp-json\/wp\/v2\/comments?post=26604"}],"version-history":[{"count":2,"href":"https:\/\/www.voltaire-avocats.com\/fr\/wp-json\/wp\/v2\/posts\/26604\/revisions"}],"predecessor-version":[{"id":26619,"href":"https:\/\/www.voltaire-avocats.com\/fr\/wp-json\/wp\/v2\/posts\/26604\/revisions\/26619"}],"wp:featuredmedia":[{"embeddable":true,"href":"https:\/\/www.voltaire-avocats.com\/fr\/wp-json\/wp\/v2\/media\/26602"}],"wp:attachment":[{"href":"https:\/\/www.voltaire-avocats.com\/fr\/wp-json\/wp\/v2\/media?parent=26604"}],"wp:term":[{"taxonomy":"category","embeddable":true,"href":"https:\/\/www.voltaire-avocats.com\/fr\/wp-json\/wp\/v2\/categories?post=26604"},{"taxonomy":"post_tag","embeddable":true,"href":"https:\/\/www.voltaire-avocats.com\/fr\/wp-json\/wp\/v2\/tags?post=26604"}],"curies":[{"name":"wp","href":"https:\/\/api.w.org\/{rel}","templated":true}]}}