{"id":26624,"date":"2025-02-05T13:05:11","date_gmt":"2025-02-05T12:05:11","guid":{"rendered":"https:\/\/www.voltaire-avocats.com\/?p=26624"},"modified":"2025-02-05T13:05:12","modified_gmt":"2025-02-05T12:05:12","slug":"une-nouvelle-obligation-dinformation-consultation-du-cse-dans-les-grandes-entreprises","status":"publish","type":"post","link":"https:\/\/www.voltaire-avocats.com\/fr\/une-nouvelle-obligation-dinformation-consultation-du-cse-dans-les-grandes-entreprises\/","title":{"rendered":"Une nouvelle obligation d\u2019information\/consultation du CSE dans les grandes entreprises"},"content":{"rendered":"<p><span style=\"color: rgb(0, 0, 0);\">Depuis le 1<\/span><sup style=\"color: rgb(0, 0, 0);\">er<\/sup><span style=\"color: rgb(0, 0, 0);\"> janvier 2025, certains CSE doivent \u00eatre, au cours des consultations p\u00e9riodiques obligatoires, consult\u00e9s sur les informations en mati\u00e8re de durabilit\u00e9 et sur les moyens d\u2019obtenir et de v\u00e9rifier ces informations (L. 2312-17 du Code du travail).<\/span><\/p>\n<p><\/p>\n<p><span style=\"color: rgb(0, 0, 0);\">Il s\u2019agit d\u2019une transposition de la directive 2022\/2464 dite \u00ab\u00a0CSRD\u00a0\u00bb pour \u00ab\u00a0Corporate Sustainability Reporting\u00a0Directive\u00a0\u00bb qui pr\u00e9voit un ensemble de mesures visant \u00e0 am\u00e9liorer les flux financiers en faveur des activit\u00e9s durables dans l&rsquo;Union europ\u00e9enne.<\/span><\/p>\n<p><\/p>\n<p><span style=\"color: rgb(0, 0, 0);\">Les\u00a0informations en mati\u00e8re de durabilit\u00e9\u00a0, pr\u00e9vues aux articles L. 232-6-3 et L. 233-28-4 du code du commerce, doivent permettre de comprendre les incidences de l&rsquo;activit\u00e9 de la soci\u00e9t\u00e9 sur les enjeux de durabilit\u00e9, ainsi que la mani\u00e8re dont ces enjeux influent sur l&rsquo;\u00e9volution de ses affaires, de ses r\u00e9sultats et de sa situation. Les enjeux de durabilit\u00e9 comprennent les enjeux environnementaux, sociaux et de gouvernement d&rsquo;entreprise.<\/span><\/p>\n<p><span style=\"color: rgb(0, 0, 0);\">\u00a0<\/span><\/p>\n<p><span style=\"color: rgb(0, 0, 0);\">Les entreprises concern\u00e9es sont \u00ab\u00a0<\/span><em style=\"color: rgb(0, 0, 0);\">les grandes entreprises fran\u00e7aises, soci\u00e9t\u00e9s consolidantes et PME cot\u00e9es sur un march\u00e9 r\u00e9glement\u00e9<\/em><span style=\"color: rgb(0, 0, 0);\">\u00a0\u00bb, ce qui recouvre\u00a0(L. 230-1 et D 230-1 du Code de commerce):<\/span><\/p>\n<ul>\n<li><span style=\"color: rgb(0, 0, 0);\">1<\/span><sup style=\"color: rgb(0, 0, 0);\">er<\/sup><span style=\"color: rgb(0, 0, 0);\"> groupe\u00a0:\u00a0les grandes entreprises qui, \u00e0 la date de cl\u00f4ture de l&rsquo;exercice, ont un total du bilan > 25 M \u20ac et\/ou un montant net du chiffre d&rsquo;affaires > 50 M \u20ac, pr\u00e9sentes sur un march\u00e9 r\u00e9glement\u00e9 et avec un effectif moyen au cours de l\u2019ann\u00e9e > 500 salari\u00e9s.<\/span><\/li>\n<li><span style=\"color: rgb(0, 0, 0);\">2<\/span><sup style=\"color: rgb(0, 0, 0);\">\u00e8me<\/sup><span style=\"color: rgb(0, 0, 0);\">\u00a0groupe\u00a0: les grandes entreprises ayant un nombre moyen de salari\u00e9s compris entre 251 et 500<\/span><\/li>\n<li><span style=\"color: rgb(0, 0, 0);\">3<\/span><sup style=\"color: rgb(0, 0, 0);\">\u00e8me<\/sup><span style=\"color: rgb(0, 0, 0);\"> groupe\u00a0: les PME cot\u00e9es et soci\u00e9t\u00e9s non europ\u00e9ennes, avec un chiffre d\u2019affaires > 150 M\u20ac et au minimum une filiale ayant un CA > 40 M \u20ac.<\/span><\/li>\n<\/ul>\n<p><\/p>\n<p><span style=\"color: rgb(0, 0, 0);\">Ces entreprises doivent inclure des informations en mati\u00e8re de durabilit\u00e9 au sein d\u2019une section distincte de leur rapport de gestion (L. 232-6-3 du Code de commerce).<\/span><\/p>\n<p><\/p>\n<p><span style=\"color: rgb(0, 0, 0);\">Un nouveau \u00ab\u00a0rapport sur les enjeux de durabilit\u00e9\u00a0\u00bb va progressivement se substituer \u00e0 l\u2019actuelle <\/span><strong style=\"color: rgb(0, 0, 0);\">d\u00e9claration de performance extra-financi\u00e8re\u00a0(DPEF), \u00e0 commencer en 2025 par les entreprises du 1<\/strong><sup style=\"color: rgb(0, 0, 0);\"><strong>er<\/strong><\/sup><strong style=\"color: rgb(0, 0, 0);\"> groupe.<\/strong><\/p>\n","protected":false},"excerpt":{"rendered":"<p>Ordonnance 2023-1142 du 6 d\u00e9cembre 2023<\/p>\n","protected":false},"author":3,"featured_media":26622,"comment_status":"open","ping_status":"open","sticky":false,"template":"","format":"standard","meta":{"_acf_changed":false,"_seopress_robots_primary_cat":"","_seopress_titles_title":"","_seopress_titles_desc":"","_seopress_robots_index":"","footnotes":""},"categories":[31],"tags":[],"class_list":["post-26624","post","type-post","status-publish","format-standard","has-post-thumbnail","hentry","category-actualites-en-droit-social"],"acf":[],"_links":{"self":[{"href":"https:\/\/www.voltaire-avocats.com\/fr\/wp-json\/wp\/v2\/posts\/26624","targetHints":{"allow":["GET"]}}],"collection":[{"href":"https:\/\/www.voltaire-avocats.com\/fr\/wp-json\/wp\/v2\/posts"}],"about":[{"href":"https:\/\/www.voltaire-avocats.com\/fr\/wp-json\/wp\/v2\/types\/post"}],"author":[{"embeddable":true,"href":"https:\/\/www.voltaire-avocats.com\/fr\/wp-json\/wp\/v2\/users\/3"}],"replies":[{"embeddable":true,"href":"https:\/\/www.voltaire-avocats.com\/fr\/wp-json\/wp\/v2\/comments?post=26624"}],"version-history":[{"count":3,"href":"https:\/\/www.voltaire-avocats.com\/fr\/wp-json\/wp\/v2\/posts\/26624\/revisions"}],"predecessor-version":[{"id":26628,"href":"https:\/\/www.voltaire-avocats.com\/fr\/wp-json\/wp\/v2\/posts\/26624\/revisions\/26628"}],"wp:featuredmedia":[{"embeddable":true,"href":"https:\/\/www.voltaire-avocats.com\/fr\/wp-json\/wp\/v2\/media\/26622"}],"wp:attachment":[{"href":"https:\/\/www.voltaire-avocats.com\/fr\/wp-json\/wp\/v2\/media?parent=26624"}],"wp:term":[{"taxonomy":"category","embeddable":true,"href":"https:\/\/www.voltaire-avocats.com\/fr\/wp-json\/wp\/v2\/categories?post=26624"},{"taxonomy":"post_tag","embeddable":true,"href":"https:\/\/www.voltaire-avocats.com\/fr\/wp-json\/wp\/v2\/tags?post=26624"}],"curies":[{"name":"wp","href":"https:\/\/api.w.org\/{rel}","templated":true}]}}