{"id":26686,"date":"2025-02-21T09:39:23","date_gmt":"2025-02-21T08:39:23","guid":{"rendered":"https:\/\/www.voltaire-avocats.com\/?p=26686"},"modified":"2025-02-21T09:39:25","modified_gmt":"2025-02-21T08:39:25","slug":"deploiement-du-passeport-de-prevention","status":"publish","type":"post","link":"https:\/\/www.voltaire-avocats.com\/fr\/deploiement-du-passeport-de-prevention\/","title":{"rendered":"D\u00e9ploiement du passeport de pr\u00e9vention"},"content":{"rendered":"<p><span style=\"color: rgb(134, 135, 137);\">Dans un communiqu\u00e9 du 17 f\u00e9vrier 2025, le minist\u00e8re du travail pr\u00e9cise le calendrier de d\u00e9ploiement du passeport de pr\u00e9vention.<\/span><\/p>\n<p><\/p>\n<p><span style=\"color: rgb(134, 135, 137);\">Cr\u00e9\u00e9 \u00e0 la suite de l\u2019accord national interprofessionnel du 9 d\u00e9cembre 2020 par la\u00a0loi du 2 ao\u00fbt 2021 pour renforcer la pr\u00e9vention en sant\u00e9 au travail, le Passeport de pr\u00e9vention a pour objectif de r\u00e9pertorier les formations et les certifications en mati\u00e8re de\u00a0sant\u00e9 et s\u00e9curit\u00e9 au travail (SST) dans le but d\u2019aider les employeurs \u00e0 prot\u00e9ger la sant\u00e9 et la s\u00e9curit\u00e9 des travailleurs.<\/span><\/p>\n<p><\/p>\n<p><span style=\"color: rgb(134, 135, 137);\">Il s\u2019agit d\u2019un outil s\u00e9curis\u00e9 permettant \u00e0 l\u2019ensemble des travailleurs en poste ou en recherche d\u2019emploi d\u2019acc\u00e9der \u00e0 toutes les donn\u00e9es li\u00e9es \u00e0 leurs formations en SST.\u00a0Pour cela, les organismes de formation et les employeurs d\u00e9clareront dans le passeport de pr\u00e9vention les formations en SST suivies par les travailleurs.<\/span><\/p>\n<p><\/p>\n<p><span style=\"color: rgb(134, 135, 137);\">Le minist\u00e8re du travail pr\u00e9cise le calendrier de d\u00e9ploiement suivant\u00a0:<\/span><\/p>\n<p><\/p>\n<ul>\n<li><span style=\"color: rgb(134, 135, 137);\">28 avril 2025 :\u00a0ouverture de service pour les organismes de formation ;<\/span><\/li>\n<li><span style=\"color: rgb(134, 135, 137);\">Premier trimestre 2026 :\u00a0ouverture de service pour les employeurs ;<\/span><\/li>\n<li><span style=\"color: rgb(134, 135, 137);\">Quatri\u00e8me trimestre 2026\u00a0: ouverture de service pour les travailleurs.<\/span><\/li>\n<\/ul>\n<p><\/p>\n<p><span style=\"color: rgb(134, 135, 137);\">Selon le minist\u00e8re du travail, les\u00a0employeurs\u00a0seront \u00ab\u00a0<\/span><em style=\"color: rgb(134, 135, 137);\">accompagn\u00e9s dans leur prise en main de l\u2019outil, afin de les aider \u00e0 l\u2019utiliser efficacement pour g\u00e9rer et am\u00e9liorer la pr\u00e9vention des risques<\/em><span style=\"color: rgb(134, 135, 137);\">\u00a0\u00bb.<\/span><\/p>\n<p><\/p>\n<p><span style=\"color: rgb(134, 135, 137);\">Un portail d\u2019information sur le passeport de pr\u00e9vention est disponible sur internet.<\/span><\/p>\n<p><\/p>\n<p><span style=\"color: rgb(134, 135, 137);\">Lien du communiqu\u00e9\u00a0:<\/span><\/p>\n<p><a href=\"https:\/\/travail-emploi.gouv.fr\/passeport-de-prevention-un-nouveau-calendrier-de-deploiement\" target=\"_blank\">https:\/\/travail-emploi.gouv.fr\/passeport-de-prevention-un-nouveau-calendrier-de-deploiement<\/a><\/p>\n<p><\/p>\n<p>Portail d\u2019information sur le passeport de pr\u00e9vention\u00a0:<\/p>\n<p><a href=\"https:\/\/passeport-prevention.travail-emploi.gouv.fr\/\" target=\"_blank\">https:\/\/passeport-prevention.travail-emploi.gouv.fr\/<\/a><\/p>\n","protected":false},"excerpt":{"rendered":"<p>Dans un communiqu\u00e9 du 17 f\u00e9vrier 2025, le minist\u00e8re du travail pr\u00e9cise le calendrier de d\u00e9ploiement du passeport de pr\u00e9vention. Cr\u00e9\u00e9 \u00e0 la suite de l\u2019accord national interprofessionnel du 9 d\u00e9cembre 2020 par la\u00a0loi du 2 ao\u00fbt 2021 pour renforcer la pr\u00e9vention en sant\u00e9 au travail, le Passeport de pr\u00e9vention a pour objectif de r\u00e9pertorier [&hellip;]<\/p>\n","protected":false},"author":3,"featured_media":26684,"comment_status":"open","ping_status":"open","sticky":false,"template":"","format":"standard","meta":{"_acf_changed":false,"_seopress_robots_primary_cat":"","_seopress_titles_title":"","_seopress_titles_desc":"","_seopress_robots_index":"","footnotes":""},"categories":[31],"tags":[],"class_list":["post-26686","post","type-post","status-publish","format-standard","has-post-thumbnail","hentry","category-actualites-en-droit-social"],"acf":[],"_links":{"self":[{"href":"https:\/\/www.voltaire-avocats.com\/fr\/wp-json\/wp\/v2\/posts\/26686","targetHints":{"allow":["GET"]}}],"collection":[{"href":"https:\/\/www.voltaire-avocats.com\/fr\/wp-json\/wp\/v2\/posts"}],"about":[{"href":"https:\/\/www.voltaire-avocats.com\/fr\/wp-json\/wp\/v2\/types\/post"}],"author":[{"embeddable":true,"href":"https:\/\/www.voltaire-avocats.com\/fr\/wp-json\/wp\/v2\/users\/3"}],"replies":[{"embeddable":true,"href":"https:\/\/www.voltaire-avocats.com\/fr\/wp-json\/wp\/v2\/comments?post=26686"}],"version-history":[{"count":2,"href":"https:\/\/www.voltaire-avocats.com\/fr\/wp-json\/wp\/v2\/posts\/26686\/revisions"}],"predecessor-version":[{"id":26688,"href":"https:\/\/www.voltaire-avocats.com\/fr\/wp-json\/wp\/v2\/posts\/26686\/revisions\/26688"}],"wp:featuredmedia":[{"embeddable":true,"href":"https:\/\/www.voltaire-avocats.com\/fr\/wp-json\/wp\/v2\/media\/26684"}],"wp:attachment":[{"href":"https:\/\/www.voltaire-avocats.com\/fr\/wp-json\/wp\/v2\/media?parent=26686"}],"wp:term":[{"taxonomy":"category","embeddable":true,"href":"https:\/\/www.voltaire-avocats.com\/fr\/wp-json\/wp\/v2\/categories?post=26686"},{"taxonomy":"post_tag","embeddable":true,"href":"https:\/\/www.voltaire-avocats.com\/fr\/wp-json\/wp\/v2\/tags?post=26686"}],"curies":[{"name":"wp","href":"https:\/\/api.w.org\/{rel}","templated":true}]}}