{"id":26691,"date":"2025-02-24T08:38:03","date_gmt":"2025-02-24T07:38:03","guid":{"rendered":"https:\/\/www.voltaire-avocats.com\/?p=26691"},"modified":"2025-02-24T08:38:04","modified_gmt":"2025-02-24T07:38:04","slug":"baisse-de-lindemnisation-des-arrets-de-travail-par-la-securite-sociale","status":"publish","type":"post","link":"https:\/\/www.voltaire-avocats.com\/fr\/baisse-de-lindemnisation-des-arrets-de-travail-par-la-securite-sociale\/","title":{"rendered":"Baisse de l&rsquo;indemnisation des arr\u00eats de travail par la S\u00e9curit\u00e9 Sociale"},"content":{"rendered":"<p>En application de la loi de financement de la S\u00e9curit\u00e9 Sociale pour 2025, adopt\u00e9e le 17 f\u00e9vrier dernier, un d\u00e9cret du 20 f\u00e9vrier 2025 vient abaisser d&rsquo;1,8 SMIC \u00e0 1,4 SMIC le plafond d&rsquo;indemnisation des salari\u00e9s en arr\u00eat de travail concernant les indemnit\u00e9s journali\u00e8res de s\u00e9curit\u00e9 sociale.<\/p>\n<p><\/p>\n<p>Ainsi, le montant maximal des indemnit\u00e9s journali\u00e8res passera de 53,31\u20ac bruts par jour \u00e0 41,47\u20ac bruts par jour.<\/p>\n<p><\/p>\n<p>Cette mesure aura des cons\u00e9quences sur les entreprises puisqu&rsquo;elle rendra plus on\u00e9reuse la prise en charge en charge des arr\u00eats de travail par les entreprises, via le compl\u00e9ment employeur qui compensera ce \u00ab\u00a0manque \u00e0 gagner\u00a0\u00bb pour les salari\u00e9s.<\/p>\n<p><\/p>\n<p>Elle s&rsquo;appliquera aux arr\u00eats de travail d\u00e9butant \u00e0 compter du 1er avril 2025.<\/p>\n<p><\/p>\n<p><a href=\"https:\/\/www.legifrance.gouv.fr\/jorf\/id\/JORFTEXT000051223695\" target=\"_blank\">https:\/\/www.legifrance.gouv.fr\/jorf\/id\/JORFTEXT000051223695<\/a><\/p>\n<p>\u00a0<\/p>\n<p><\/p>\n","protected":false},"excerpt":{"rendered":"<p>En application de la loi de financement de la S\u00e9curit\u00e9 Sociale pour 2025, adopt\u00e9e le 17 f\u00e9vrier dernier, un d\u00e9cret du 20 f\u00e9vrier 2025 vient abaisser d&rsquo;1,8 SMIC \u00e0 1,4 SMIC le plafond d&rsquo;indemnisation des salari\u00e9s en arr\u00eat de travail concernant les indemnit\u00e9s journali\u00e8res de s\u00e9curit\u00e9 sociale. Ainsi, le montant maximal des indemnit\u00e9s journali\u00e8res passera [&hellip;]<\/p>\n","protected":false},"author":3,"featured_media":26689,"comment_status":"open","ping_status":"open","sticky":false,"template":"","format":"standard","meta":{"_acf_changed":false,"_seopress_robots_primary_cat":"","_seopress_titles_title":"","_seopress_titles_desc":"","_seopress_robots_index":"","footnotes":""},"categories":[31],"tags":[],"class_list":["post-26691","post","type-post","status-publish","format-standard","has-post-thumbnail","hentry","category-actualites-en-droit-social"],"acf":[],"_links":{"self":[{"href":"https:\/\/www.voltaire-avocats.com\/fr\/wp-json\/wp\/v2\/posts\/26691","targetHints":{"allow":["GET"]}}],"collection":[{"href":"https:\/\/www.voltaire-avocats.com\/fr\/wp-json\/wp\/v2\/posts"}],"about":[{"href":"https:\/\/www.voltaire-avocats.com\/fr\/wp-json\/wp\/v2\/types\/post"}],"author":[{"embeddable":true,"href":"https:\/\/www.voltaire-avocats.com\/fr\/wp-json\/wp\/v2\/users\/3"}],"replies":[{"embeddable":true,"href":"https:\/\/www.voltaire-avocats.com\/fr\/wp-json\/wp\/v2\/comments?post=26691"}],"version-history":[{"count":2,"href":"https:\/\/www.voltaire-avocats.com\/fr\/wp-json\/wp\/v2\/posts\/26691\/revisions"}],"predecessor-version":[{"id":26693,"href":"https:\/\/www.voltaire-avocats.com\/fr\/wp-json\/wp\/v2\/posts\/26691\/revisions\/26693"}],"wp:featuredmedia":[{"embeddable":true,"href":"https:\/\/www.voltaire-avocats.com\/fr\/wp-json\/wp\/v2\/media\/26689"}],"wp:attachment":[{"href":"https:\/\/www.voltaire-avocats.com\/fr\/wp-json\/wp\/v2\/media?parent=26691"}],"wp:term":[{"taxonomy":"category","embeddable":true,"href":"https:\/\/www.voltaire-avocats.com\/fr\/wp-json\/wp\/v2\/categories?post=26691"},{"taxonomy":"post_tag","embeddable":true,"href":"https:\/\/www.voltaire-avocats.com\/fr\/wp-json\/wp\/v2\/tags?post=26691"}],"curies":[{"name":"wp","href":"https:\/\/api.w.org\/{rel}","templated":true}]}}